{"id":30776,"date":"2016-05-27T13:29:14","date_gmt":"2016-05-27T17:29:14","guid":{"rendered":"https:\/\/archive.cafe.crea.ca\/saveurs-de-la-semaine-le-27-mai-2016\/"},"modified":"2016-05-27T13:29:14","modified_gmt":"2016-05-27T17:29:14","slug":"saveurs-de-la-semaine-le-27-mai-2016","status":"publish","type":"post","link":"https:\/\/archive.cafe.crea.ca\/fr\/saveurs-de-la-semaine-le-27-mai-2016\/","title":{"rendered":"Saveurs de la semaine : le 27 mai 2016"},"content":{"rendered":"<p><em>Les Saveurs de la semaine sont votre source hebdomadaire de nouvelles et de reportages sur l\u2019immobilier qui auraient pu vous \u00e9chapper.<\/em><em>\u00a0Notre \u00e9quipe des Saveurs de la semaine s\u2019acharne \u00e0 parcourir le Web, les groupes de nouvelles et les forums \u00e0 la recherche de reportages obscurs, bizarres, int\u00e9ressants et informatifs sur l\u2019immobilier ou des sujets connexes. Si vous d\u00e9sirez en contribuer un, veuillez l\u2019afficher \u00e0 notre section r\u00e9serv\u00e9e aux commentaires ou gazouiller sur le reportage en utilisant le mot-clic\u00a0<strong>#Saveursdelasemaine<\/strong>. Faites-vous couler une bonne tasse de caf\u00e9 frais, savourez ces reportages\u2026 et faites-en peut-\u00eatre m\u00eame part \u00e0 vos amis et coll\u00e8gues. Bonne lecture!<\/em><\/p>\n<p><strong>Voici mes choix de la semaine\u00a0:<\/strong><\/p>\n<p>Les conseils de la semaine\u00a0: <a href=\"http:\/\/go.pardot.com\/e\/94862\/3b-le-mag-3558829-section-POS2\/24h6lm\/46722728\" target=\"_blank\">peinture ext\u00e9rieure<\/a>; <a href=\"http:\/\/go.pardot.com\/e\/94862\/u-dela-de-la-mise-en-scene-php\/24h6lc\/46722728\" target=\"_blank\">inspection pr\u00e9achat<\/a>; une <a href=\"http:\/\/go.pardot.com\/e\/94862\/our-gerer-son-demenagement-php\/24h6lf\/46722728\" target=\"_blank\">plateforme Web pour g\u00e9rer son d\u00e9m\u00e9nagement<\/a>; <a href=\"http:\/\/go.pardot.com\/e\/94862\/3b-le-mag-3558829-section-POS1\/24h6lp\/46722728\" target=\"_blank\">mini-terrariums et kokedamas<\/a>; <a href=\"http:\/\/go.pardot.com\/e\/94862\/B13b-deco-1424052-section-POS2\/24h6lr\/46722728\" target=\"_blank\">une maison aux couleurs inspir\u00e9es de Frida Kahlo<\/a> et <a href=\"http:\/\/go.pardot.com\/e\/94862\/ne-soleil-1667938-section-POS5\/24h6lk\/46722728\" target=\"_blank\">r\u00e9nos, passage dans la nouvelle \u00e8re<\/a>.<\/p>\n<p>Quel constat! <a href=\"http:\/\/go.pardot.com\/e\/94862\/ontreal-est-pire-que-pekin-php\/24rcfw\/47082078\" target=\"_blank\">La qualit\u00e9 de l\u2019air de Montr\u00e9al est pire que celle de P\u00e9kin<\/a>.<\/p>\n<p>St\u00e9phanie Grammond de La Presse consid\u00e8re <a href=\"http:\/\/go.pardot.com\/e\/94862\/e-des-permis-de-renovation-php\/24rcb1\/47082078\" target=\"_blank\">le labyrinthe des permis de r\u00e9novation<\/a>, et ceux qui paient la <a href=\"http:\/\/go.pardot.com\/e\/94862\/la-prime-schl-a-repetition-php\/24h6g3\/46722728\" target=\"_blank\">prime de la SCHL \u00e0 r\u00e9p\u00e9tition<\/a>.<\/p>\n<p>G\u00e9rard B\u00e9rub\u00e9 du Devoir consid\u00e8re <a href=\"http:\/\/go.pardot.com\/e\/94862\/r-la-valeur-nette-de-la-maison\/24tcr7\/47358952\" target=\"_blank\">une retraite financ\u00e9e par la valeur nette de la maison<\/a>.<\/p>\n<p>Le Monde discute de <a href=\"http:\/\/www.lemonde.fr\/ameriques\/article\/2016\/05\/25\/a-new-york-la-chute-du-madoff-de-l-immobilier_4925816_3222.html\" target=\"_blank\">la chute du \u00ab\u00a0Madoff\u00a0\u00bb de l\u2019immobilier de New York<\/a>. La Vie Immo constate qu\u2019<a href=\"http:\/\/www.lavieimmo.com\/insolite\/a-cause-de-cette-start-up-les-loyers-risquent-de-s-envoler-35864.html\" target=\"_blank\">\u00e0 cause de cette start-up, les loyers risquent de s\u2019envoler<\/a>.<\/p>\n<p>Le Figaro estime qu\u2019<a href=\"http:\/\/immobilier.lefigaro.fr\/article\/une-bulle-immobiliere-pourrait-bien-eclater-en-france_9835584a-20b9-11e6-9858-cbfe92ef52f7\/\" target=\"_blank\">une bulle immobili\u00e8re pourrait bien \u00e9clater en France<\/a>. Le Journal du Net dresse une liste des <a href=\"http:\/\/www.journaldunet.com\/economie\/immobilier\/1178930-defauts-immobiliers\/\" target=\"_blank\">12 d\u00e9fauts qui peuvent rebuter les acheteurs<\/a>.<\/p>\n<p>Toute une histoire! Dans un village au nord des Ardennes, <a href=\"http:\/\/www.vosgesmatin.fr\/insolite\/2016\/05\/20\/le-proprietaire-rachete-ses-maisons-mises-aux-encheres\" target=\"_blank\">le propri\u00e9taire rach\u00e8te ses maisons mises aux ench\u00e8res<\/a>.<\/p>\n<p>Le Temps, journal suisse, pr\u00e9sente <a href=\"https:\/\/www.letemps.ch\/economie\/2016\/05\/25\/une-application-romande-vise-faire-citoyen-un-agent-immobilier\" target=\"_blank\">une application romande qui vise \u00e0 faire de chaque citoyen un agent immobilier<\/a>.<\/p>\n<p>Le Figaro conclut que <a href=\"http:\/\/www.lefigaro.fr\/conjoncture\/2016\/05\/22\/20002-20160522ARTFIG00189-les-chinois-font-une-razzia-sur-l-immobilier-a-l-etranger.php\" target=\"_blank\">les Chinois font une razzia sur l\u2019immobilier \u00e0 l\u2019\u00e9tranger<\/a>.<\/p>\n","protected":false},"excerpt":{"rendered":"<p>Les Saveurs de la semaine sont votre source hebdomadaire de nouvelles et de reportages sur l\u2019immobilier qui auraient pu vous \u00e9chapper.\u00a0Notre \u00e9quipe des Saveurs de la semaine s\u2019acharne \u00e0 parcourir le Web, les groupes de nouvelles et les forums \u00e0 la recherche de reportages obscurs, bizarres, int\u00e9ressants et informatifs sur l\u2019immobilier ou des sujets connexes. &hellip; <a href=\"https:\/\/archive.cafe.crea.ca\/fr\/saveurs-de-la-semaine-le-27-mai-2016\/\" class=\"more-link\">Continue reading <span class=\"screen-reader-text\">Saveurs de la semaine : le 27 mai 2016<\/span><\/a><\/p>\n","protected":false},"author":23,"featured_media":27394,"comment_status":"open","ping_status":"open","sticky":false,"template":"","format":"standard","meta":{"footnotes":""},"categories":[2372],"tags":[],"coauthors":[],"class_list":["post-30776","post","type-post","status-publish","format-standard","has-post-thumbnail","hentry","category-divers"],"aioseo_notices":[],"_links":{"self":[{"href":"https:\/\/archive.cafe.crea.ca\/fr\/wp-json\/wp\/v2\/posts\/30776"}],"collection":[{"href":"https:\/\/archive.cafe.crea.ca\/fr\/wp-json\/wp\/v2\/posts"}],"about":[{"href":"https:\/\/archive.cafe.crea.ca\/fr\/wp-json\/wp\/v2\/types\/post"}],"author":[{"embeddable":true,"href":"https:\/\/archive.cafe.crea.ca\/fr\/wp-json\/wp\/v2\/users\/23"}],"replies":[{"embeddable":true,"href":"https:\/\/archive.cafe.crea.ca\/fr\/wp-json\/wp\/v2\/comments?post=30776"}],"version-history":[{"count":0,"href":"https:\/\/archive.cafe.crea.ca\/fr\/wp-json\/wp\/v2\/posts\/30776\/revisions"}],"wp:featuredmedia":[{"embeddable":true,"href":"https:\/\/archive.cafe.crea.ca\/fr\/wp-json\/wp\/v2\/media\/27394"}],"wp:attachment":[{"href":"https:\/\/archive.cafe.crea.ca\/fr\/wp-json\/wp\/v2\/media?parent=30776"}],"wp:term":[{"taxonomy":"category","embeddable":true,"href":"https:\/\/archive.cafe.crea.ca\/fr\/wp-json\/wp\/v2\/categories?post=30776"},{"taxonomy":"post_tag","embeddable":true,"href":"https:\/\/archive.cafe.crea.ca\/fr\/wp-json\/wp\/v2\/tags?post=30776"},{"taxonomy":"author","embeddable":true,"href":"https:\/\/archive.cafe.crea.ca\/fr\/wp-json\/wp\/v2\/coauthors?post=30776"}],"curies":[{"name":"wp","href":"https:\/\/api.w.org\/{rel}","templated":true}]}}