{"id":30769,"date":"2016-06-21T08:39:35","date_gmt":"2016-06-21T12:39:35","guid":{"rendered":"https:\/\/archive.cafe.crea.ca\/prets-pas-prets-inscrivez-vous-la-raison-de-ne-pas-manquer-atlantic-connection-2016\/"},"modified":"2016-06-21T08:39:35","modified_gmt":"2016-06-21T12:39:35","slug":"prets-pas-prets-inscrivez-vous-la-raison-de-ne-pas-manquer-atlantic-connection-2016","status":"publish","type":"post","link":"https:\/\/archive.cafe.crea.ca\/fr\/prets-pas-prets-inscrivez-vous-la-raison-de-ne-pas-manquer-atlantic-connection-2016\/","title":{"rendered":"Pr\u00eats, pas pr\u00eats, inscrivez-vous : La raison de ne pas manquer Atlantic Connection 2016"},"content":{"rendered":"<blockquote><p><em>\u00ab\u00a0Les \u00e2mes s\u0153urs ne sont pas aussi rares que je le croyais jadis. C\u2019est magnifique de d\u00e9couvrir qu\u2019elles sont si nombreuses dans le monde.\u00a0\u00bb \u2013 L.M. Montgomery, Anne\u2026 la maison aux pignons verts<\/em><\/p><\/blockquote>\n<p>Les Canadiens de l\u2019Atlantique sont connus pour leur hospitalit\u00e9. En juillet prochain, ils accueilleront \u00e0 Charlottetown, \u00cele-du-Prince-\u00c9douard, leurs confr\u00e8res courtiers et agents immobiliers provenant d\u2019un bout \u00e0 l\u2019autre du pays, pendant quatre jours consacr\u00e9s au perfectionnement, au r\u00e9seautage et au divertissement. <a href=\"http:\/\/www.atlanticconnection.ca\/default.asp?mn=1.230\" target=\"_blank\" rel=\"noopener noreferrer\">Si vous ne vous \u00eates pas encore inscrit<\/a>, voici trois raisons d\u2019ajouter ce congr\u00e8s \u00e0 vos plans cet \u00e9t\u00e9.<strong>\u00a0<\/strong><\/p>\n<p><strong>Commencez la semaine en participant au tout premier Sommet national du R\u00e9seau de jeunes professionnels (YPN)<\/strong><\/p>\n<p>Les membres du R\u00e9seau de jeunes professionnels (YPN) sont invit\u00e9s \u00e0 prendre part \u00e0 un forum consacr\u00e9 au YPN afin de discuter des strat\u00e9gies pour mettre en place, b\u00e2tir et maintenir des r\u00e9seaux YPN prosp\u00e8res, et de propulser les membres du YPN vers des postes de direction. Vous aurez l&rsquo;occasion de serrer la main et de c\u00f4toyer les meilleurs producteurs, dirigeants et influenceurs de notre secteur, et de rencontrer exclusivement en personne \u2013 sans iPhone \u2013 les membres du conseil d&rsquo;administration de l&rsquo;ACI.<\/p>\n<p>Les s\u00e9ances en apr\u00e8s-midi sont ouvertes \u00e0 tous les courtiers et agents immobiliers souhaitant participer \u00e0 une s\u00e9rie de tables rondes dynamiques traitant des derniers outils technologiques, tendances et id\u00e9es dans notre secteur. Cette ann\u00e9e, la technologie des maisons intelligentes et les perspectives du consommateur sont <a href=\"http:\/\/www.atlanticconnection.ca\/default.asp?mn=1.321.340\" target=\"_blank\" rel=\"noopener noreferrer\">au programme<\/a>.<\/p>\n<p>Apr\u00e8s le sommet, joignez-vous aux membres de r\u00e9seaux YPN de l&rsquo;ensemble du pays lors d&rsquo;une soir\u00e9e de d\u00e9gustation au centre-ville de Charlottetown. <a href=\"http:\/\/fluidsurveys.com\/surveys\/crea-communications\/national-ypn-summit-registration\/?p=0&amp;k=&amp;h=8081e08461c7afe6633f353d8bda05b3&amp;s=eyJwYWdlcGF0aCI6IFswXSwgInJhbmRvbV9zZWVkIjogIjFhOWRjMGU4MDIzZjYzOTg1MjQyNGQwM2ZiNjkzYjNjMjcxNmI3NjkifQ%3D%3D&amp;n=.&amp;l=fr-ca\" target=\"_blank\" rel=\"noopener noreferrer\">Inscrivez-vous au Sommet YPN<\/a>, qui se tiendra le lundi 25 juillet, et prenez part \u00e0 la conversation en ligne \u00e0 l\u2019aide du mot-clic #REALTORypn.<\/p>\n<p><strong>Profitez du perfectionnement professionnel<\/strong><\/p>\n<p>Au congr\u00e8s Atlantic Connection de cette ann\u00e9e, les courtiers et agents immobiliers pourront aiguiser leurs comp\u00e9tences en assistant \u00e0 13 s\u00e9ances de perfectionnement professionnel, r\u00e9parties en trois profils\u00a0: la technologie, la gestion du risque ainsi que la sant\u00e9 et le bien-\u00eatre. Le congr\u00e8s mettra en vedette 14 conf\u00e9renciers de renomm\u00e9e internationale, y compris le chef Michael Smith, le r\u00e9alisateur de films d\u2019aventure Elia Saikaly et la double m\u00e9daill\u00e9e d\u2019or olympique Heather Moyse.<\/p>\n<p><strong>Rendez-vous \u00e0 la plage<\/strong><\/p>\n<p>La f\u00eate sur la plage Ceilidh in the Dunes se tiendra sur une plage priv\u00e9e sur la rive nord de l\u2019\u00cele-du-Prince-\u00c9douard. Le coucher du soleil, les falaises rouges des deux c\u00f4t\u00e9s, le sable blanc sous vos pieds et les sons paisibles et relaxants de l\u2019oc\u00e9an vous feront vivre cette exp\u00e9rience inoubliable de l\u2019\u00cele.<\/p>\n<p>D\u00e9gustez les plats favoris traditionnels de l\u2019\u00cele, tels que du homard, du steak, de la chaudr\u00e9e de fruits de mer prim\u00e9e, des moules, des petits pains frais, de nombreuses salades, des pommes de terre, du ma\u00efs en \u00e9pi et des g\u00e2teaux aux fraises et aux bleuets, faits \u00e0 la maison. Apr\u00e8s le repas sur la plage, amusez-vous autour d\u2019un grand feu de camp, au son de la musique de quelques musiciens talentueux de l\u2019\u00cele.<\/p>\n<p>Le congr\u00e8s Atlantic Connection se tiendra du 26 au 29 juillet 2016. Vous voudrez vous y rendre t\u00f4t et rester plus longtemps. Consultez <a href=\"http:\/\/www.atlanticconnection.ca\" target=\"_blank\" rel=\"noopener noreferrer\">www.atlanticconnection.ca<\/a> pour y voir tous les d\u00e9tails.<\/p>\n","protected":false},"excerpt":{"rendered":"<p>\u00ab\u00a0Les \u00e2mes s\u0153urs ne sont pas aussi rares que je le croyais jadis. C\u2019est magnifique de d\u00e9couvrir qu\u2019elles sont si nombreuses dans le monde.\u00a0\u00bb \u2013 L.M. Montgomery, Anne\u2026 la maison aux pignons verts Les Canadiens de l\u2019Atlantique sont connus pour leur hospitalit\u00e9. En juillet prochain, ils accueilleront \u00e0 Charlottetown, \u00cele-du-Prince-\u00c9douard, leurs confr\u00e8res courtiers et agents &hellip; <a href=\"https:\/\/archive.cafe.crea.ca\/fr\/prets-pas-prets-inscrivez-vous-la-raison-de-ne-pas-manquer-atlantic-connection-2016\/\" class=\"more-link\">Continue reading <span class=\"screen-reader-text\">Pr\u00eats, pas pr\u00eats, inscrivez-vous : La raison de ne pas manquer Atlantic Connection 2016<\/span><\/a><\/p>\n","protected":false},"author":3,"featured_media":27380,"comment_status":"open","ping_status":"open","sticky":false,"template":"","format":"standard","meta":{"footnotes":""},"categories":[2372],"tags":[],"coauthors":[],"class_list":["post-30769","post","type-post","status-publish","format-standard","has-post-thumbnail","hentry","category-divers"],"aioseo_notices":[],"_links":{"self":[{"href":"https:\/\/archive.cafe.crea.ca\/fr\/wp-json\/wp\/v2\/posts\/30769"}],"collection":[{"href":"https:\/\/archive.cafe.crea.ca\/fr\/wp-json\/wp\/v2\/posts"}],"about":[{"href":"https:\/\/archive.cafe.crea.ca\/fr\/wp-json\/wp\/v2\/types\/post"}],"author":[{"embeddable":true,"href":"https:\/\/archive.cafe.crea.ca\/fr\/wp-json\/wp\/v2\/users\/3"}],"replies":[{"embeddable":true,"href":"https:\/\/archive.cafe.crea.ca\/fr\/wp-json\/wp\/v2\/comments?post=30769"}],"version-history":[{"count":0,"href":"https:\/\/archive.cafe.crea.ca\/fr\/wp-json\/wp\/v2\/posts\/30769\/revisions"}],"wp:featuredmedia":[{"embeddable":true,"href":"https:\/\/archive.cafe.crea.ca\/fr\/wp-json\/wp\/v2\/media\/27380"}],"wp:attachment":[{"href":"https:\/\/archive.cafe.crea.ca\/fr\/wp-json\/wp\/v2\/media?parent=30769"}],"wp:term":[{"taxonomy":"category","embeddable":true,"href":"https:\/\/archive.cafe.crea.ca\/fr\/wp-json\/wp\/v2\/categories?post=30769"},{"taxonomy":"post_tag","embeddable":true,"href":"https:\/\/archive.cafe.crea.ca\/fr\/wp-json\/wp\/v2\/tags?post=30769"},{"taxonomy":"author","embeddable":true,"href":"https:\/\/archive.cafe.crea.ca\/fr\/wp-json\/wp\/v2\/coauthors?post=30769"}],"curies":[{"name":"wp","href":"https:\/\/api.w.org\/{rel}","templated":true}]}}