{"id":30768,"date":"2016-06-24T12:24:17","date_gmt":"2016-06-24T16:24:17","guid":{"rendered":"https:\/\/archive.cafe.crea.ca\/saveurs-de-la-semaine-le-24-juin-2016\/"},"modified":"2016-06-24T12:24:17","modified_gmt":"2016-06-24T16:24:17","slug":"saveurs-de-la-semaine-le-24-juin-2016","status":"publish","type":"post","link":"https:\/\/archive.cafe.crea.ca\/fr\/saveurs-de-la-semaine-le-24-juin-2016\/","title":{"rendered":"Saveurs de la semaine : le 24 juin 2016"},"content":{"rendered":"<p><em>Les Saveurs de la semaine sont votre source hebdomadaire de nouvelles et de reportages sur l\u2019immobilier qui auraient pu vous \u00e9chapper.<\/em><em>\u00a0Notre \u00e9quipe des Saveurs de la semaine s\u2019acharne \u00e0 parcourir le Web, les groupes de nouvelles et les forums \u00e0 la recherche de reportages obscurs, bizarres, int\u00e9ressants et informatifs sur l\u2019immobilier ou des sujets connexes. Si vous d\u00e9sirez en contribuer un, veuillez l\u2019afficher \u00e0 notre section r\u00e9serv\u00e9e aux commentaires ou gazouiller sur le reportage en utilisant le mot-clic\u00a0<strong>#Saveursdelasemaine<\/strong>. Faites-vous couler une bonne tasse de caf\u00e9 frais, savourez ces reportages\u2026 et faites-en peut-\u00eatre m\u00eame part \u00e0 vos amis et coll\u00e8gues. Bonne lecture!<\/em><\/p>\n<p><strong>Voici mes choix de la semaine\u00a0:<\/strong><\/p>\n<p>Les conseils de la semaine\u00a0: <a href=\"http:\/\/go.pardot.com\/e\/94862\/erie-jai-reduit-la-piscine-php\/28f9qf\/54511152\" target=\"_blank\">ch\u00e9rie, j\u2019ai r\u00e9duit la piscine<\/a>; <a href=\"http:\/\/go.pardot.com\/e\/94862\/uces-pour-vendeurs-presses-php\/284t41\/53849468\" target=\"_blank\">astuces pour vendeurs press\u00e9s<\/a>; <a href=\"http:\/\/go.pardot.com\/e\/94862\/ent-dune-pierre-deux-coups-php\/284t3y\/53849468\" target=\"_blank\">d\u2019une pierre deux coups, en am\u00e9nagement<\/a>; <a href=\"http:\/\/go.pardot.com\/e\/94862\/otTopics--2641822-section-POS3\/283d75\/53439380\" target=\"_blank\">comment r\u00e9duire les co\u00fbts<\/a>; <a href=\"http:\/\/go.pardot.com\/e\/94862\/50-la-terrasse-sur-le-toit-php\/283d77\/53439380\" target=\"_blank\">terrasse sur le toit<\/a> et <a href=\"http:\/\/go.pardot.com\/e\/94862\/ments-importants-pour-la-vente\/283d79\/53439380\" target=\"_blank\">huit documents importants pour la vente<\/a>.<\/p>\n<p>La Presse remarque que ce n\u2019est <a href=\"http:\/\/go.pardot.com\/e\/94862\/5-nouvelles-98718-accueil-POS5\/283d3p\/53439380\" target=\"_blank\">pas toujours facile de se conformer \u00e0 la loi pour contrer l\u2019h\u00e9bergement ill\u00e9gal<\/a>.<\/p>\n<p>Conseiller conclut que <a href=\"http:\/\/www.conseiller.ca\/nouvelles\/limmobilier-pese-lourd-dans-leconomie-du-quebec-59126\" target=\"_blank\">l\u2019immobilier p\u00e8se lourd dans l\u2019\u00e9conomie du Qu\u00e9bec<\/a>.<\/p>\n<p>Le coach immobilier Mike Ferry estime que <a href=\"http:\/\/www.journaldelagence.com\/1122637-dans-limmobilier-cest-lhumain-qui-fait-la-difference-pas-la-technologie-mike-ferry-coach-immobilier\" target=\"_blank\">\u00ab\u00a0dans l\u2019immobilier, c\u2019est l\u2019humain qui fait la diff\u00e9rence, et non la technologie\u00a0\u00bb<\/a>.<\/p>\n<p>BlastingNews discute d\u2019une nouvelle tendance, <a href=\"http:\/\/fr.blastingnews.com\/opinions\/2016\/06\/immobilier-la-nouvelle-tendance-emergente-00972301.html\" target=\"_blank\">partager sa demeure avec ses parents<\/a>.<\/p>\n<p>L\u2019occasion de la semaine\u00a0: <a href=\"http:\/\/bfmbusiness.bfmtv.com\/votre-argent\/une-americaine-vend-sa-ville-8-millions-de-dollars-977431.html\" target=\"_blank\">une Am\u00e9ricaine demande 8 millions USD pour sa ville, au Nevada<\/a>.<\/p>\n<p>Les \u00c9chos d\u00e9couvre <a href=\"http:\/\/www.lesechos.fr\/industrie-services\/immobilier-btp\/0211040797296-immobilier-pourquoi-les-prix-sont-ils-si-eleves-2009047.php\" target=\"_blank\">pourquoi les prix de l\u2019immobilier sont si \u00e9lev\u00e9s<\/a>.<\/p>\n<p>Les Fran\u00e7ais estiment que <a href=\"http:\/\/immobilier.lefigaro.fr\/article\/le-brexit-menace-l-histoire-d-amour-des-anglais-avec-l-immobilier-francais_019fd01c-37c1-11e6-9cea-f8927012e605\/\" target=\"_blank\">le Brexit menace l\u2019histoire d\u2019amour des Anglais avec leurs biens immobiliers<\/a>.<\/p>\n<p>Le Figaro constate que <a href=\"http:\/\/www.lefigaro.fr\/conjoncture\/2016\/06\/23\/20002-20160623ARTFIG00242-huit-ans-apres-l-eclatement-de-la-bulle-l-immobilier-espagnol-redemarre-prudemment.php\" target=\"_blank\">huit ans apr\u00e8s l\u2019\u00e9clatement de la bulle, l\u2019immobilier espagnol red\u00e9marre prudemment<\/a>.<\/p>\n<p>Pr\u00e8s de Dakar, au S\u00e9n\u00e9gal, <a href=\"http:\/\/www.rfi.fr\/afrique\/20160622-immobilier-dakar-maraichers-guediawaye-font-resistance\" target=\"_blank\">des mara\u00eechers sont menac\u00e9s d\u2019expulsion \u00e0 cause du manque de terrains pour construire<\/a>.<\/p>\n<p>&nbsp;<\/p>\n","protected":false},"excerpt":{"rendered":"<p>Les Saveurs de la semaine sont votre source hebdomadaire de nouvelles et de reportages sur l\u2019immobilier qui auraient pu vous \u00e9chapper.\u00a0Notre \u00e9quipe des Saveurs de la semaine s\u2019acharne \u00e0 parcourir le Web, les groupes de nouvelles et les forums \u00e0 la recherche de reportages obscurs, bizarres, int\u00e9ressants et informatifs sur l\u2019immobilier ou des sujets connexes. &hellip; <a href=\"https:\/\/archive.cafe.crea.ca\/fr\/saveurs-de-la-semaine-le-24-juin-2016\/\" class=\"more-link\">Continue reading <span class=\"screen-reader-text\">Saveurs de la semaine : le 24 juin 2016<\/span><\/a><\/p>\n","protected":false},"author":23,"featured_media":27378,"comment_status":"open","ping_status":"open","sticky":false,"template":"","format":"standard","meta":{"footnotes":""},"categories":[2372],"tags":[],"coauthors":[],"class_list":["post-30768","post","type-post","status-publish","format-standard","has-post-thumbnail","hentry","category-divers"],"aioseo_notices":[],"_links":{"self":[{"href":"https:\/\/archive.cafe.crea.ca\/fr\/wp-json\/wp\/v2\/posts\/30768"}],"collection":[{"href":"https:\/\/archive.cafe.crea.ca\/fr\/wp-json\/wp\/v2\/posts"}],"about":[{"href":"https:\/\/archive.cafe.crea.ca\/fr\/wp-json\/wp\/v2\/types\/post"}],"author":[{"embeddable":true,"href":"https:\/\/archive.cafe.crea.ca\/fr\/wp-json\/wp\/v2\/users\/23"}],"replies":[{"embeddable":true,"href":"https:\/\/archive.cafe.crea.ca\/fr\/wp-json\/wp\/v2\/comments?post=30768"}],"version-history":[{"count":0,"href":"https:\/\/archive.cafe.crea.ca\/fr\/wp-json\/wp\/v2\/posts\/30768\/revisions"}],"wp:featuredmedia":[{"embeddable":true,"href":"https:\/\/archive.cafe.crea.ca\/fr\/wp-json\/wp\/v2\/media\/27378"}],"wp:attachment":[{"href":"https:\/\/archive.cafe.crea.ca\/fr\/wp-json\/wp\/v2\/media?parent=30768"}],"wp:term":[{"taxonomy":"category","embeddable":true,"href":"https:\/\/archive.cafe.crea.ca\/fr\/wp-json\/wp\/v2\/categories?post=30768"},{"taxonomy":"post_tag","embeddable":true,"href":"https:\/\/archive.cafe.crea.ca\/fr\/wp-json\/wp\/v2\/tags?post=30768"},{"taxonomy":"author","embeddable":true,"href":"https:\/\/archive.cafe.crea.ca\/fr\/wp-json\/wp\/v2\/coauthors?post=30768"}],"curies":[{"name":"wp","href":"https:\/\/api.w.org\/{rel}","templated":true}]}}