{"id":30766,"date":"2016-06-30T13:55:12","date_gmt":"2016-06-30T17:55:12","guid":{"rendered":"https:\/\/archive.cafe.crea.ca\/saveurs-de-la-semaine-le-30-juin-2016\/"},"modified":"2016-06-30T13:55:12","modified_gmt":"2016-06-30T17:55:12","slug":"saveurs-de-la-semaine-le-30-juin-2016","status":"publish","type":"post","link":"https:\/\/archive.cafe.crea.ca\/fr\/saveurs-de-la-semaine-le-30-juin-2016\/","title":{"rendered":"Saveurs de la semaine : le 30 juin 2016"},"content":{"rendered":"<p><em>Les Saveurs de la semaine sont votre source hebdomadaire de nouvelles et de reportages sur l\u2019immobilier qui auraient pu vous \u00e9chapper.<\/em><em>\u00a0Notre \u00e9quipe des Saveurs de la semaine s\u2019acharne \u00e0 parcourir le Web, les groupes de nouvelles et les forums \u00e0 la recherche de reportages obscurs, bizarres, int\u00e9ressants et informatifs sur l\u2019immobilier ou des sujets connexes. Si vous d\u00e9sirez en contribuer un, veuillez l\u2019afficher \u00e0 notre section r\u00e9serv\u00e9e aux commentaires ou gazouiller sur le reportage en utilisant le mot-clic\u00a0<strong>#Saveursdelasemaine<\/strong>. Faites-vous couler une bonne tasse de caf\u00e9 frais, savourez ces reportages\u2026 et faites-en peut-\u00eatre m\u00eame part \u00e0 vos amis et coll\u00e8gues. Bonne lecture!<\/em><\/p>\n<p><strong>Voici mes choix de la semaine\u00a0:<\/strong><\/p>\n<p>Les conseils de la semaine\u00a0: <a href=\"http:\/\/go.pardot.com\/e\/94862\/-abonnes-aux-demenagements-php\/28rlzy\/55958252\" target=\"_blank\">abonn\u00e9s aux d\u00e9m\u00e9nagements<\/a>; <a href=\"http:\/\/go.pardot.com\/e\/94862\/t-pas-juste-un-buzzword-588444\/28qhv1\/55808468\" target=\"_blank\">maison connect\u00e9e<\/a>; <a href=\"http:\/\/go.pardot.com\/e\/94862\/-nouvelles-98718-accueil-POS18\/28qhv7\/55808468\" target=\"_blank\">changements d\u2019adresse gratuits \u00e0 Hydro-Qu\u00e9bec<\/a>; <a href=\"http:\/\/go.pardot.com\/e\/94862\/-prendre-pour-son-barbecue-php\/28qhvp\/55808468\" target=\"_blank\">pr\u00e9cautions et BBQ<\/a>; <a href=\"http:\/\/go.pardot.com\/e\/94862\/otTopics--2641822-section-POS2\/28pppw\/55424454\" target=\"_blank\">qu\u2019est-ce qu\u2019une vente rapide?<\/a> <a href=\"http:\/\/go.pardot.com\/e\/94862\/enover-vert-sans-sendetter-php\/28ppt3\/55424454\" target=\"_blank\">r\u00e9nover vert sans s\u2019endetter<\/a><\/p>\n<p>Le Devoir visite <a href=\"http:\/\/go.pardot.com\/e\/94862\/474323-sur-le-toit-de-montreal\/28rlvp\/55958252\" target=\"_blank\">le \u00ab\u00a0toit de Montr\u00e9al\u00a0\u00bb<\/a>.<\/p>\n<p>Le Nouvel Observateur estime que <a href=\"http:\/\/tempsreel.nouvelobs.com\/immobilier\/monde\/20160627.OBS3438\/le-gouvernement-canadien-craint-une-bulle-immobiliere.html\" target=\"_blank\">le gouvernement canadien craint une bulle immobili\u00e8re<\/a>. Le Huffington Post consid\u00e8re <a href=\"http:\/\/www.huffingtonpost.fr\/nicolas-tarnaud\/consequences-brexit_b_10699724.html\" target=\"_blank\">comment le Brexit va faire changer les prix de l\u2019immobilier<\/a>.<\/p>\n<p>Le Figaro \u00e9value deux r\u00e9centes tendances\u00a0en immobilier fran\u00e7ais : <a href=\"http:\/\/immobilier.lefigaro.fr\/article\/chasseur-d-appartements-super-heros-ou-super-tendance-_084a8062-2cb6-11e6-843e-d4d6fdc9aa71\/\" target=\"_blank\">chasseur d\u2019appartements<\/a>, et les <a href=\"http:\/\/www.lefigaro.fr\/entrepreneur\/2016\/06\/29\/09007-20160629ARTFIG00079-les-promoteurs-immobiliers-misent-sur-le-financement-participatif.php\" target=\"_blank\">promoteurs misent sur le financement participatif<\/a>.<\/p>\n<p>Paris Match discute des <a href=\"http:\/\/www.parismatch.com\/Vivre\/Argent\/Immobilier-louer-une-piece-de-son-logement-1005535\" target=\"_blank\">lois encadrant la location de pi\u00e8ces<\/a>.<\/p>\n<p>La banque Bonh\u00f4te publie un blog sur <a href=\"https:\/\/blogs.letemps.ch\/bonhote\/2016\/06\/27\/ce-crash-immobilier-qui-ne-vient-pas\/\" target=\"_blank\">ce crash immobilier qui ne vient pas<\/a>.<\/p>\n","protected":false},"excerpt":{"rendered":"<p>Les Saveurs de la semaine sont votre source hebdomadaire de nouvelles et de reportages sur l\u2019immobilier qui auraient pu vous \u00e9chapper.\u00a0Notre \u00e9quipe des Saveurs de la semaine s\u2019acharne \u00e0 parcourir le Web, les groupes de nouvelles et les forums \u00e0 la recherche de reportages obscurs, bizarres, int\u00e9ressants et informatifs sur l\u2019immobilier ou des sujets connexes. &hellip; <a href=\"https:\/\/archive.cafe.crea.ca\/fr\/saveurs-de-la-semaine-le-30-juin-2016\/\" class=\"more-link\">Continue reading <span class=\"screen-reader-text\">Saveurs de la semaine : le 30 juin 2016<\/span><\/a><\/p>\n","protected":false},"author":23,"featured_media":27374,"comment_status":"open","ping_status":"open","sticky":false,"template":"","format":"standard","meta":{"footnotes":""},"categories":[2372],"tags":[],"coauthors":[],"class_list":["post-30766","post","type-post","status-publish","format-standard","has-post-thumbnail","hentry","category-divers"],"aioseo_notices":[],"_links":{"self":[{"href":"https:\/\/archive.cafe.crea.ca\/fr\/wp-json\/wp\/v2\/posts\/30766"}],"collection":[{"href":"https:\/\/archive.cafe.crea.ca\/fr\/wp-json\/wp\/v2\/posts"}],"about":[{"href":"https:\/\/archive.cafe.crea.ca\/fr\/wp-json\/wp\/v2\/types\/post"}],"author":[{"embeddable":true,"href":"https:\/\/archive.cafe.crea.ca\/fr\/wp-json\/wp\/v2\/users\/23"}],"replies":[{"embeddable":true,"href":"https:\/\/archive.cafe.crea.ca\/fr\/wp-json\/wp\/v2\/comments?post=30766"}],"version-history":[{"count":0,"href":"https:\/\/archive.cafe.crea.ca\/fr\/wp-json\/wp\/v2\/posts\/30766\/revisions"}],"wp:featuredmedia":[{"embeddable":true,"href":"https:\/\/archive.cafe.crea.ca\/fr\/wp-json\/wp\/v2\/media\/27374"}],"wp:attachment":[{"href":"https:\/\/archive.cafe.crea.ca\/fr\/wp-json\/wp\/v2\/media?parent=30766"}],"wp:term":[{"taxonomy":"category","embeddable":true,"href":"https:\/\/archive.cafe.crea.ca\/fr\/wp-json\/wp\/v2\/categories?post=30766"},{"taxonomy":"post_tag","embeddable":true,"href":"https:\/\/archive.cafe.crea.ca\/fr\/wp-json\/wp\/v2\/tags?post=30766"},{"taxonomy":"author","embeddable":true,"href":"https:\/\/archive.cafe.crea.ca\/fr\/wp-json\/wp\/v2\/coauthors?post=30766"}],"curies":[{"name":"wp","href":"https:\/\/api.w.org\/{rel}","templated":true}]}}