{"id":30758,"date":"2016-07-29T16:43:03","date_gmt":"2016-07-29T20:43:03","guid":{"rendered":"https:\/\/archive.cafe.crea.ca\/saveurs-de-la-semaine-le-29-juillet-2016\/"},"modified":"2016-07-29T16:43:03","modified_gmt":"2016-07-29T20:43:03","slug":"saveurs-de-la-semaine-le-29-juillet-2016","status":"publish","type":"post","link":"https:\/\/archive.cafe.crea.ca\/fr\/saveurs-de-la-semaine-le-29-juillet-2016\/","title":{"rendered":"Saveurs de la semaine : le 29 juillet 2016"},"content":{"rendered":"<p><em>Les Saveurs de la semaine sont votre source hebdomadaire de nouvelles et de reportages sur l\u2019immobilier qui auraient pu vous \u00e9chapper.<\/em><em>\u00a0Notre \u00e9quipe des Saveurs de la semaine s\u2019acharne \u00e0 parcourir le Web, les groupes de nouvelles et les forums \u00e0 la recherche de reportages obscurs, bizarres, int\u00e9ressants et informatifs sur l\u2019immobilier ou des sujets connexes. Si vous d\u00e9sirez en contribuer un, veuillez l\u2019afficher \u00e0 notre section r\u00e9serv\u00e9e aux commentaires ou gazouiller sur le reportage en utilisant le mot-clic\u00a0<strong>#Saveursdelasemaine<\/strong>. Faites-vous couler une bonne tasse de caf\u00e9 frais, savourez ces reportages\u2026 et faites-en peut-\u00eatre m\u00eame part \u00e0 vos amis et coll\u00e8gues. Bonne lecture!<\/em><\/p>\n<p><strong>Voici mes choix de la semaine\u00a0:<\/strong><\/p>\n<p>On attend une foule nombreuse au <a href=\"http:\/\/www.lapresse.ca\/maison\/architecture\/201607\/28\/01-5005193-le-festival-des-mini-maisons-gagne-des-pieds-carres.php?utm_categorieinterne=trafficdrivers&amp;utm_contenuinterne=cyberpresse_B4_immobilier_2641768_section_POS1\" target=\"_blank\">Festival des mini-maisons<\/a> en fin de semaine.<\/p>\n<p>Voici <a href=\"http:\/\/immobilier.lefigaro.fr\/article\/connaissez-vous-l-immeuble-le-plus-etroit-de-paris-_b38d2fcc-530a-11e6-a20c-224ef47bd2b0\/\" target=\"_blank\">l&rsquo;immeuble le plus \u00e9troit de Paris<\/a>!<\/p>\n<p>Facebook a-t-il provoqu\u00e9 la crise immobili\u00e8re californienne\u2026 et maintenant trouv\u00e9 \u2026 <a href=\"http:\/\/immobilier.lefigaro.fr\/article\/facebook-apporte-une-reponse-a-la-crise-immobiliere-californienne_5ec7d840-5416-11e6-a3b0-39da7d56fdd3\/\" target=\"_blank\">une r\u00e9ponse<\/a>?<\/p>\n<p><a href=\"http:\/\/www.journaldequebec.com\/2016\/07\/27\/la-garantie-pour-les-maisons-neuves\" target=\"_blank\">Le Plan de garantie<\/a> a \u00e9t\u00e9 cr\u00e9\u00e9 par le gouvernement du Qu\u00e9bec afin de prot\u00e9ger les propri\u00e9taires contre les incertitudes d\u2019une nouvelle construction.<\/p>\n<p>En Ontario, <a href=\"http:\/\/www.journaldequebec.com\/2016\/07\/26\/la-lcbo-sur-les-traces-de-la-saq\" target=\"_blank\">LCBO lance un service de livraison \u00e0 domicile<\/a> par l\u2019entremise de Poste Canada pour pr\u00e8s de 5\u00a0000 de ses produits.<\/p>\n<p><a href=\"http:\/\/immobilier.lefigaro.fr\/article\/la-guerre-entre-pro-et-anti-airbnb-fait-rage-au-japon_84f319b0-53cd-11e6-b002-de700ea2c3e8\/\" target=\"_blank\">Pro ou anti Airbnb<\/a> \u2026 qu\u2019en pensez-vous?<\/p>\n<p>En parlant d\u2019Airbnb \u2026 <a href=\"http:\/\/www.ledevoir.com\/economie\/actualites-economiques\/476491\/sur-les-ailes-d-airbnb\" target=\"_blank\">cette derni\u00e8re tendance du c\u00f4t\u00e9 des inscriptions prend son envol<\/a>!<\/p>\n<p>Avez-vous d\u00e9j\u00e0 song\u00e9 \u00e0 \u00e9tudier \u00e0 l\u2019\u00e9tranger? <a href=\"http:\/\/immobilier.lefigaro.fr\/article\/ce-que-va-vous-couter-votre-loyer-etudiant-ville-par-ville_84ad2b0e-4f62-11e6-8d0c-e30dd2c52c3a\/\" target=\"_blank\">Voici une id\u00e9e des co\u00fbts du loyer \u00e9tudiant ville par ville en France.<\/a><\/p>\n<p>Nous avons vu de petites maisons, des maisons \u00e9cologiques et maintenant, <a href=\"http:\/\/immobilier.lefigaro.fr\/article\/maison-serre-toit-potager-et-l-envie-de-se-mettre-au-vert_99a99db6-532d-11e6-b7bb-2c1e9cbaa47d\/\" target=\"_blank\">cette maison con\u00e7ue par des \u00e9tudiants de Rotterdam produit ses propres fruits et l\u00e9gumes, et une famille y habite jusqu\u2019en 2018<\/a>.<\/p>\n<p>Nous savons tous que le Canada est un pays o\u00f9 il fait bon vivre; <a href=\"http:\/\/www.ledevoir.com\/societe\/actualites-en-societe\/476538\/qualite-de-vie-les-provinces-et-territoires-ne-sont-pas-tous-egaux\" target=\"_blank\">mais quelle province canadienne se classe le mieux pour la qualit\u00e9 de vie?<\/a><\/p>\n<p>&nbsp;<\/p>\n","protected":false},"excerpt":{"rendered":"<p>Les Saveurs de la semaine sont votre source hebdomadaire de nouvelles et de reportages sur l\u2019immobilier qui auraient pu vous \u00e9chapper.\u00a0Notre \u00e9quipe des Saveurs de la semaine s\u2019acharne \u00e0 parcourir le Web, les groupes de nouvelles et les forums \u00e0 la recherche de reportages obscurs, bizarres, int\u00e9ressants et informatifs sur l\u2019immobilier ou des sujets connexes. &hellip; <a href=\"https:\/\/archive.cafe.crea.ca\/fr\/saveurs-de-la-semaine-le-29-juillet-2016\/\" class=\"more-link\">Continue reading <span class=\"screen-reader-text\">Saveurs de la semaine : le 29 juillet 2016<\/span><\/a><\/p>\n","protected":false},"author":74,"featured_media":27358,"comment_status":"open","ping_status":"open","sticky":false,"template":"","format":"standard","meta":{"footnotes":""},"categories":[2372],"tags":[],"coauthors":[],"class_list":["post-30758","post","type-post","status-publish","format-standard","has-post-thumbnail","hentry","category-divers"],"aioseo_notices":[],"_links":{"self":[{"href":"https:\/\/archive.cafe.crea.ca\/fr\/wp-json\/wp\/v2\/posts\/30758"}],"collection":[{"href":"https:\/\/archive.cafe.crea.ca\/fr\/wp-json\/wp\/v2\/posts"}],"about":[{"href":"https:\/\/archive.cafe.crea.ca\/fr\/wp-json\/wp\/v2\/types\/post"}],"author":[{"embeddable":true,"href":"https:\/\/archive.cafe.crea.ca\/fr\/wp-json\/wp\/v2\/users\/74"}],"replies":[{"embeddable":true,"href":"https:\/\/archive.cafe.crea.ca\/fr\/wp-json\/wp\/v2\/comments?post=30758"}],"version-history":[{"count":0,"href":"https:\/\/archive.cafe.crea.ca\/fr\/wp-json\/wp\/v2\/posts\/30758\/revisions"}],"wp:featuredmedia":[{"embeddable":true,"href":"https:\/\/archive.cafe.crea.ca\/fr\/wp-json\/wp\/v2\/media\/27358"}],"wp:attachment":[{"href":"https:\/\/archive.cafe.crea.ca\/fr\/wp-json\/wp\/v2\/media?parent=30758"}],"wp:term":[{"taxonomy":"category","embeddable":true,"href":"https:\/\/archive.cafe.crea.ca\/fr\/wp-json\/wp\/v2\/categories?post=30758"},{"taxonomy":"post_tag","embeddable":true,"href":"https:\/\/archive.cafe.crea.ca\/fr\/wp-json\/wp\/v2\/tags?post=30758"},{"taxonomy":"author","embeddable":true,"href":"https:\/\/archive.cafe.crea.ca\/fr\/wp-json\/wp\/v2\/coauthors?post=30758"}],"curies":[{"name":"wp","href":"https:\/\/api.w.org\/{rel}","templated":true}]}}