{"id":30740,"date":"2016-10-04T08:21:51","date_gmt":"2016-10-04T12:21:51","guid":{"rendered":"https:\/\/archive.cafe.crea.ca\/mettez-lcap-un-regard-a-linterieur-de-la-valise-dun-representant-du-cap\/"},"modified":"2016-10-04T08:21:51","modified_gmt":"2016-10-04T12:21:51","slug":"mettez-lcap-un-regard-a-linterieur-de-la-valise-dun-representant-du-cap","status":"publish","type":"post","link":"https:\/\/archive.cafe.crea.ca\/fr\/mettez-lcap-un-regard-a-linterieur-de-la-valise-dun-representant-du-cap\/","title":{"rendered":"Mettez l\u2019CAP : Un regard \u00e0 l\u2019int\u00e9rieur de la valise d\u2019un repr\u00e9sentant du CAP"},"content":{"rendered":"<p>Le congr\u00e8s annuel de d\u00e9fense des int\u00e9r\u00eats des Journ\u00e9es du Comit\u00e9 d\u2019action politique (CAP) de l\u2019ACI devant d\u00e9buter dans moins de deux semaines (le 16 octobre), voici une liste d\u2019articles \u00e0 emporter pour \u00ab\u00a0CAPitaliser\u00a0\u00bb sur votre visite \u00e0 Ottawa.<\/p>\n<p><img loading=\"lazy\" decoding=\"async\" class=\"alignnone size-full wp-image-16106\" src=\"http:\/\/www.crea.ca\/wp-content\/uploads\/2016\/10\/Christy_PACing_890px.jpg\" alt=\"Items found in a PAC Reps' suitcase\" width=\"890\" height=\"384\" srcset=\"https:\/\/archive.cafe.crea.ca\/wp-content\/uploads\/2016\/10\/Christy_PACing_890px.jpg 890w, https:\/\/archive.cafe.crea.ca\/wp-content\/uploads\/2016\/10\/Christy_PACing_890px-768x331.jpg 768w\" sizes=\"(max-width: 890px) 100vw, 890px\" \/><\/p>\n<ol>\n<li>Une<strong> tenue d\u2019affaire<\/strong> pour assister aux s\u00e9ances des Journ\u00e9es du CAP et aux rencontres avec les d\u00e9put\u00e9s sur la Colline du Parlement.<\/li>\n<li>Une<strong> montre <\/strong>afin d\u2019\u00eatre ponctuel \u00e0 vos rencontres avec les d\u00e9put\u00e9s.<\/li>\n<li>Votre<strong> tablette ou t\u00e9l\u00e9phone intelligent<\/strong> pour pouvoir v\u00e9rifier vos rencontres avec les d\u00e9put\u00e9s, acc\u00e9der aux documents \u00e9lectroniques du congr\u00e8s, visionner les vid\u00e9os de formation avant les Journ\u00e9es du CAP sur le R\u00e9seau d\u2019action immobilier (RAI).<\/li>\n<li>Un<strong> livre<\/strong> \u00e0 lire durant vos d\u00e9placements et temps libres. Nous vous recommandons <em>The Last of the President\u2019s Men<\/em> de Bob Woodward, notre conf\u00e9rencier principal.<\/li>\n<li>Des <strong>accessoires en pr\u00e9vision de la temp\u00e9rature<\/strong>. Consultez maintenant les <a href=\"https:\/\/www.meteomedia.com\/ca\/tendance-meteo-14-jours\/ontario\/ottawa\" target=\"_blank\">tendances m\u00e9t\u00e9orologiques sur 14 jours<\/a>.<\/li>\n<li>Une <strong>pi\u00e8ce d\u2019identit\u00e9 valide<\/strong> pour pouvoir traverser le poste de s\u00e9curit\u00e9 \u00e0 l\u2019a\u00e9roport et sur la Colline \u2013 un permis de conduire (si vous voyagez du Canada) ou un passeport suffiront.<\/li>\n<li>Des <strong>cartes professionnelles <\/strong>pour en remettre \u00e0 votre d\u00e9put\u00e9, \u00e0 son personnel et \u00e0 vos pairs du CAP.<\/li>\n<li>Les<strong> documents du CAP<\/strong> pour les passer en revue avant la rencontre avec votre d\u00e9put\u00e9. Bien que les documents \u00e0 remettre \u00e0 votre d\u00e9put\u00e9 vous soient fournis lors de votre inscription, vous devrez t\u00e9l\u00e9charger ou imprimer les documents pour votre usage personnel avant votre arriv\u00e9e.<\/li>\n<li>Votre<strong> \u00e9pinglette du CAP<\/strong> pour d\u00e9montrer votre engagement envers la d\u00e9fense des int\u00e9r\u00eats de la communaut\u00e9 immobili\u00e8re \u00e0 l\u2019\u00e9chelle f\u00e9d\u00e9rale. Vous n\u2019avez pas d\u2019\u00e9pinglette? Vous pouvez vous en procurer une \u00e0 votre inscription.<\/li>\n<li>Un <strong>manche pour \u00e9goportraits<\/strong> pour vous aider \u00e0 prendre des photos de vous-m\u00eame, vos coll\u00e8gues repr\u00e9sentants du CAP et la Tour de la paix en un seul clich\u00e9 digne d\u2019Instagram. Si vous partagerez des photos de votre exp\u00e9rience des Journ\u00e9es du CAP et ferez part de vos commentaires dans les m\u00e9dias sociaux, n\u2019oubliez pas d\u2019utiliser les mots-clics #CAP16ACI et #avecfiert\u00e9!<\/li>\n<\/ol>\n<p>Pour obtenir plus d\u2019information sur le congr\u00e8s, la documentation et l\u2019inscription, rendez-vous au <a href=\"http:\/\/realtoractionnetwork.ca\/\" target=\"_blank\">R\u00e9seaudactionimmobilier.ca<\/a>. Si vous songez \u00e0 devenir un repr\u00e9sentant du CAP, communiquez avec votre chambre ou association.<\/p>\n<p>Bon voyage!<\/p>\n","protected":false},"excerpt":{"rendered":"<p>Le congr\u00e8s annuel de d\u00e9fense des int\u00e9r\u00eats des Journ\u00e9es du Comit\u00e9 d\u2019action politique (CAP) de l\u2019ACI devant d\u00e9buter dans moins de deux semaines (le 16 octobre), voici une liste d\u2019articles \u00e0 emporter pour \u00ab\u00a0CAPitaliser\u00a0\u00bb sur votre visite \u00e0 Ottawa. Une tenue d\u2019affaire pour assister aux s\u00e9ances des Journ\u00e9es du CAP et aux rencontres avec les &hellip; <a href=\"https:\/\/archive.cafe.crea.ca\/fr\/mettez-lcap-un-regard-a-linterieur-de-la-valise-dun-representant-du-cap\/\" class=\"more-link\">Continue reading <span class=\"screen-reader-text\">Mettez l\u2019CAP : Un regard \u00e0 l\u2019int\u00e9rieur de la valise d\u2019un repr\u00e9sentant du CAP<\/span><\/a><\/p>\n","protected":false},"author":33,"featured_media":27323,"comment_status":"open","ping_status":"open","sticky":false,"template":"","format":"standard","meta":{"footnotes":""},"categories":[2369],"tags":[],"coauthors":[],"class_list":["post-30740","post","type-post","status-publish","format-standard","has-post-thumbnail","hentry","category-defense-des-interets"],"aioseo_notices":[],"_links":{"self":[{"href":"https:\/\/archive.cafe.crea.ca\/fr\/wp-json\/wp\/v2\/posts\/30740"}],"collection":[{"href":"https:\/\/archive.cafe.crea.ca\/fr\/wp-json\/wp\/v2\/posts"}],"about":[{"href":"https:\/\/archive.cafe.crea.ca\/fr\/wp-json\/wp\/v2\/types\/post"}],"author":[{"embeddable":true,"href":"https:\/\/archive.cafe.crea.ca\/fr\/wp-json\/wp\/v2\/users\/33"}],"replies":[{"embeddable":true,"href":"https:\/\/archive.cafe.crea.ca\/fr\/wp-json\/wp\/v2\/comments?post=30740"}],"version-history":[{"count":0,"href":"https:\/\/archive.cafe.crea.ca\/fr\/wp-json\/wp\/v2\/posts\/30740\/revisions"}],"wp:featuredmedia":[{"embeddable":true,"href":"https:\/\/archive.cafe.crea.ca\/fr\/wp-json\/wp\/v2\/media\/27323"}],"wp:attachment":[{"href":"https:\/\/archive.cafe.crea.ca\/fr\/wp-json\/wp\/v2\/media?parent=30740"}],"wp:term":[{"taxonomy":"category","embeddable":true,"href":"https:\/\/archive.cafe.crea.ca\/fr\/wp-json\/wp\/v2\/categories?post=30740"},{"taxonomy":"post_tag","embeddable":true,"href":"https:\/\/archive.cafe.crea.ca\/fr\/wp-json\/wp\/v2\/tags?post=30740"},{"taxonomy":"author","embeddable":true,"href":"https:\/\/archive.cafe.crea.ca\/fr\/wp-json\/wp\/v2\/coauthors?post=30740"}],"curies":[{"name":"wp","href":"https:\/\/api.w.org\/{rel}","templated":true}]}}