{"id":30709,"date":"2017-01-17T08:52:30","date_gmt":"2017-01-17T13:52:30","guid":{"rendered":"https:\/\/archive.cafe.crea.ca\/bilan-de-lannee-la-mobilisation-des-courtiers-et-agents-pour-le-compte-des-acheteurs-et-proprietaires-vendeurs\/"},"modified":"2017-01-17T08:52:30","modified_gmt":"2017-01-17T13:52:30","slug":"bilan-de-lannee-la-mobilisation-des-courtiers-et-agents-pour-le-compte-des-acheteurs-et-proprietaires-vendeurs","status":"publish","type":"post","link":"https:\/\/archive.cafe.crea.ca\/fr\/bilan-de-lannee-la-mobilisation-des-courtiers-et-agents-pour-le-compte-des-acheteurs-et-proprietaires-vendeurs\/","title":{"rendered":"Bilan de l\u2019ann\u00e9e : La mobilisation des courtiers et agents pour le compte des acheteurs et propri\u00e9taires-vendeurs"},"content":{"rendered":"<p><em>L\u2019ann\u00e9e 2016 en fut toute une\u2026 certains diraient m\u00eame surr\u00e9aliste. Tout au long du mois de janvier, nous comptons vous faire part de nos r\u00e9alisations et des points les plus marquants de l\u2019ann\u00e9e qui vient de s\u2019\u00e9couler. Si vous d\u00e9sirez y ajouter du v\u00f4tre, n\u2019h\u00e9sitez pas \u00e0 le faire dans l\u2019espace r\u00e9serv\u00e9 aux commentaires ci-dessous.<\/em><\/p>\n<p>Qu\u2019il s\u2019agisse du nombre record de participants aux Journ\u00e9es du CAP ou encore de collaborer avec le gouvernement dans plusieurs dossiers importants, ce ne sont pas les projets emballants qui manquaient pour les Affaires f\u00e9d\u00e9rales de l\u2019ACI en 2016.<\/p>\n<p>Nous sommes fiers de vous annoncer que notre r\u00e9troaction a \u00e9t\u00e9 prise en compte dans le cadre de la <a href=\"https:\/\/www.parlonslogement.ca\/pdfs\/what-we-heard-fr.pdf\" target=\"_blank\">Strat\u00e9gie nationale en mati\u00e8re de logement<\/a> du gouvernement et que les d\u00e9put\u00e9s de toutes les all\u00e9geances politiques ont mentionn\u00e9 ou soulev\u00e9 nos recommandations \u00e0 la Chambre des communes et aupr\u00e8s du ministre des Finances. L\u2019achalandage de la plateforme communautaire en ligne de d\u00e9fense des int\u00e9r\u00eats de notre secteur, le <a href=\"http:\/\/www.reseaudactionimmobilier.ca\/\" target=\"_blank\">R\u00e9seau d\u2019action immobilier (RAI)<\/a>, a aussi connu une hausse de 32\u00a0% en 2016 comparativement \u00e0 l\u2019ann\u00e9e pr\u00e9c\u00e9dente (si vous n\u2019en \u00eates pas d\u00e9j\u00e0 membre, nous vous encourageons \u00e0 vous <a href=\"http:\/\/www.reseaudactionimmobilier.ca\/\" target=\"_blank\">joindre<\/a> au RAI pour ajouter votre voix \u00e0 celles qui appuient les dossiers ayant une incidence sur les courtiers et agents immobiliers de m\u00eame que sur les acheteurs et propri\u00e9taires-vendeurs des quatre coins du pays).<\/p>\n<p>Vous trouverez ci-dessous une infographie qui met en \u00e9vidence certains des jalons franchis.<\/p>\n<p>Merci \u00e0 tous les repr\u00e9sentants du comit\u00e9 d\u2019action politique (repr\u00e9sentants du CAP) et aux chambres et associations immobili\u00e8res pour leur d\u00e9vouement et les efforts d\u00e9ploy\u00e9s au chapitre des activit\u00e9s des relations gouvernementales au cours de l\u2019ann\u00e9e \u00e9coul\u00e9e!<\/p>\n<p><img loading=\"lazy\" decoding=\"async\" class=\"aligncenter wp-image-16933 size-full\" src=\"http:\/\/www.crea.ca\/wp-content\/uploads\/2017\/01\/StatsInfographic-FR-2016.jpg\" alt=\"An infographic highlighting 2016 accomplishments from CREA Federal Affairs\" width=\"890\" height=\"1661\" srcset=\"https:\/\/archive.cafe.crea.ca\/wp-content\/uploads\/2017\/01\/StatsInfographic-FR-2016.jpg 890w, https:\/\/archive.cafe.crea.ca\/wp-content\/uploads\/2017\/01\/StatsInfographic-FR-2016-768x1433.jpg 768w\" sizes=\"(max-width: 890px) 100vw, 890px\" \/><\/p>\n","protected":false},"excerpt":{"rendered":"<p>L\u2019ann\u00e9e 2016 en fut toute une\u2026 certains diraient m\u00eame surr\u00e9aliste. Tout au long du mois de janvier, nous comptons vous faire part de nos r\u00e9alisations et des points les plus marquants de l\u2019ann\u00e9e qui vient de s\u2019\u00e9couler. Si vous d\u00e9sirez y ajouter du v\u00f4tre, n\u2019h\u00e9sitez pas \u00e0 le faire dans l\u2019espace r\u00e9serv\u00e9 aux commentaires ci-dessous. &hellip; <a href=\"https:\/\/archive.cafe.crea.ca\/fr\/bilan-de-lannee-la-mobilisation-des-courtiers-et-agents-pour-le-compte-des-acheteurs-et-proprietaires-vendeurs\/\" class=\"more-link\">Continue reading <span class=\"screen-reader-text\">Bilan de l\u2019ann\u00e9e : La mobilisation des courtiers et agents pour le compte des acheteurs et propri\u00e9taires-vendeurs<\/span><\/a><\/p>\n","protected":false},"author":81,"featured_media":27262,"comment_status":"open","ping_status":"open","sticky":false,"template":"","format":"standard","meta":{"footnotes":""},"categories":[2369],"tags":[],"coauthors":[],"class_list":["post-30709","post","type-post","status-publish","format-standard","has-post-thumbnail","hentry","category-defense-des-interets"],"aioseo_notices":[],"_links":{"self":[{"href":"https:\/\/archive.cafe.crea.ca\/fr\/wp-json\/wp\/v2\/posts\/30709"}],"collection":[{"href":"https:\/\/archive.cafe.crea.ca\/fr\/wp-json\/wp\/v2\/posts"}],"about":[{"href":"https:\/\/archive.cafe.crea.ca\/fr\/wp-json\/wp\/v2\/types\/post"}],"author":[{"embeddable":true,"href":"https:\/\/archive.cafe.crea.ca\/fr\/wp-json\/wp\/v2\/users\/81"}],"replies":[{"embeddable":true,"href":"https:\/\/archive.cafe.crea.ca\/fr\/wp-json\/wp\/v2\/comments?post=30709"}],"version-history":[{"count":0,"href":"https:\/\/archive.cafe.crea.ca\/fr\/wp-json\/wp\/v2\/posts\/30709\/revisions"}],"wp:featuredmedia":[{"embeddable":true,"href":"https:\/\/archive.cafe.crea.ca\/fr\/wp-json\/wp\/v2\/media\/27262"}],"wp:attachment":[{"href":"https:\/\/archive.cafe.crea.ca\/fr\/wp-json\/wp\/v2\/media?parent=30709"}],"wp:term":[{"taxonomy":"category","embeddable":true,"href":"https:\/\/archive.cafe.crea.ca\/fr\/wp-json\/wp\/v2\/categories?post=30709"},{"taxonomy":"post_tag","embeddable":true,"href":"https:\/\/archive.cafe.crea.ca\/fr\/wp-json\/wp\/v2\/tags?post=30709"},{"taxonomy":"author","embeddable":true,"href":"https:\/\/archive.cafe.crea.ca\/fr\/wp-json\/wp\/v2\/coauthors?post=30709"}],"curies":[{"name":"wp","href":"https:\/\/api.w.org\/{rel}","templated":true}]}}