{"id":30630,"date":"2017-10-06T13:31:18","date_gmt":"2017-10-06T17:31:18","guid":{"rendered":"https:\/\/archive.cafe.crea.ca\/saveurs-de-la-semaine-le-6-octobre-2017\/"},"modified":"2017-10-06T13:31:18","modified_gmt":"2017-10-06T17:31:18","slug":"saveurs-de-la-semaine-le-6-octobre-2017","status":"publish","type":"post","link":"https:\/\/archive.cafe.crea.ca\/fr\/saveurs-de-la-semaine-le-6-octobre-2017\/","title":{"rendered":"Saveurs de la semaine : le 6 octobre 2017"},"content":{"rendered":"<p><em>Les Saveurs de la semaine sont votre source hebdomadaire de nouvelles et de reportages sur l\u2019immobilier qui auraient pu vous \u00e9chapper.<\/em><em>\u00a0Notre \u00e9quipe des Saveurs de la semaine s\u2019acharne \u00e0 parcourir le Web \u00e0 la recherche de reportages obscurs, bizarres, int\u00e9ressants et informatifs sur l\u2019immobilier ou des sujets connexes. Si vous d\u00e9sirez en contribuer un, veuillez l\u2019afficher \u00e0 notre section r\u00e9serv\u00e9e aux commentaires ou gazouiller sur le reportage en utilisant le mot-clic\u00a0<strong>#Saveursdelasemaine<\/strong>. Faites-vous couler une bonne tasse de caf\u00e9 frais, savourez ces reportages\u2026 et faites-en peut-\u00eatre m\u00eame part \u00e0 vos amis et coll\u00e8gues. Bonne lecture!<\/em><\/p>\n<p><strong>Voici mes choix de la semaine\u00a0:<\/strong><\/p>\n<p><a href=\"http:\/\/www.boursorama.com\/actualites\/immobilier-ce-qui-va-changer-en-2018-d4a8dc2758c16d996c77ede3cbabf090\" target=\"_blank\" rel=\"noopener noreferrer\">Ce qui va changer dans l\u2019immobilier en 2018<\/a><\/p>\n<p><em>Les Affaires<\/em> enqu\u00eate sur <a href=\"http:\/\/www.lesaffaires.com\/bourse\/analyses-de-titres\/le-parc-immobilier-la-cle-de-la-transaction-metro-coutu\/597532\" target=\"_blank\" rel=\"noopener noreferrer\">la cl\u00e9 de la transaction Metro-Coutu.<\/a><\/p>\n<p>Peu importe l\u2019espace, <a href=\"http:\/\/www.lapresse.ca\/maison\/decoration\/amenagement\/201709\/27\/01-5137092-la-cave-a-vin-passe-au-condo.php?utm_categorieinterne=trafficdrivers&amp;utm_contenuinterne=cyberpresse_B4_decoration_2641772_section_POS2\" target=\"_blank\" rel=\"noopener noreferrer\">une cave \u00e0 vin est toujours une bonne option<\/a>.<\/p>\n<p><em>La Presse<\/em> d\u00e9couvre pourquoi <a href=\"http:\/\/www.lapresse.ca\/maison\/immobilier\/conseils\/201710\/04\/01-5138867-tous-les-planchers-de-bois-ne-se-valent-pas.php\">tous les planchers de bois ne se valent pas<\/a>.<\/p>\n<p><em>Le Figaro<\/em> regarde <a href=\"http:\/\/www.lefigaro.fr\/placement\/2017\/10\/02\/05006-20171002ARTFIG00115-credit-immobilier-ce-que-votre-banque-peut-vous-imposer-et-ce-que-vous-pouvez-refuser.php\" target=\"_blank\" rel=\"noopener noreferrer\">ce que votre banque peut vous imposer et ce que vous pouvez refuser<\/a>.<\/p>\n<p>Ce que vous <a href=\"http:\/\/www.lefigaro.fr\/placement\/2017\/10\/02\/05006-20171002ARTFIG00234-immobilier-ce-que-vous-pouvez-vous-offrir.php\" target=\"_blank\" rel=\"noopener noreferrer\">pouvez acheter pour 250\u2009000, 500\u2009000 ou 1\u00a0million d\u2019euros<\/a>.<\/p>\n<p><em>Radio Canada<\/em> nous fait visiter la <a href=\"http:\/\/beta.radio-canada.ca\/nouvelle\/1059171\/maison-bouleau-notre-dame-nord-temiscamingue\" target=\"_blank\" rel=\"noopener noreferrer\">premi\u00e8re maison enti\u00e8rement construite en bouleau au T\u00e9miscamingue<\/a>.<\/p>\n<p>D\u00e9couvrez la <a href=\"http:\/\/www.futura-sciences.com\/maison\/actualites\/batiment-maison-imprimee-3d-nantes-premiere-grace-batiprint-68805\/\" target=\"_blank\" rel=\"noopener noreferrer\">premi\u00e8re maison imprim\u00e9e en 3D \u00e0 Nantes<\/a>.<\/p>\n<p>C\u00e9l\u00e9brit\u00e9s et immobilier\u00a0:<\/p>\n<p>La chanteuse Katy Perry vend son <a href=\"https:\/\/www.closermag.fr\/people\/katy-perrymet-en-vente-sa-maison-d-hollywood-pour-9.5-millions-de-dollars-750877\" target=\"_blank\" rel=\"noopener noreferrer\">domicile pour 9,5\u00a0millions de dollars<\/a>.<\/p>\n<p>Il semblerait que Justin\u00a0Bieber soit<a href=\"http:\/\/www.tvanouvelles.ca\/2017\/10\/03\/justin-bieber-incapable-de-louer-une-propriete-a-beverly-hills-1\" target=\"_blank\" rel=\"noopener noreferrer\"> incapable de louer une propri\u00e9t\u00e9 \u00e0 Beverly Hills<\/a>.<\/p>\n<p><iframe loading=\"lazy\" class=\"giphy-embed\" src=\"https:\/\/giphy.com\/embed\/10ac4X4zr9B90k\" width=\"480\" height=\"178\" frameborder=\"0\" allowfullscreen=\"allowfullscreen\"><\/iframe><\/p>\n","protected":false},"excerpt":{"rendered":"<p>Les Saveurs de la semaine sont votre source hebdomadaire de nouvelles et de reportages sur l\u2019immobilier qui auraient pu vous \u00e9chapper.\u00a0Notre \u00e9quipe des Saveurs de la semaine s\u2019acharne \u00e0 parcourir le Web \u00e0 la recherche de reportages obscurs, bizarres, int\u00e9ressants et informatifs sur l\u2019immobilier ou des sujets connexes. Si vous d\u00e9sirez en contribuer un, veuillez &hellip; <a href=\"https:\/\/archive.cafe.crea.ca\/fr\/saveurs-de-la-semaine-le-6-octobre-2017\/\" class=\"more-link\">Continue reading <span class=\"screen-reader-text\">Saveurs de la semaine : le 6 octobre 2017<\/span><\/a><\/p>\n","protected":false},"author":74,"featured_media":27105,"comment_status":"open","ping_status":"open","sticky":false,"template":"","format":"standard","meta":{"footnotes":""},"categories":[2372],"tags":[],"coauthors":[],"class_list":["post-30630","post","type-post","status-publish","format-standard","has-post-thumbnail","hentry","category-divers"],"aioseo_notices":[],"_links":{"self":[{"href":"https:\/\/archive.cafe.crea.ca\/fr\/wp-json\/wp\/v2\/posts\/30630"}],"collection":[{"href":"https:\/\/archive.cafe.crea.ca\/fr\/wp-json\/wp\/v2\/posts"}],"about":[{"href":"https:\/\/archive.cafe.crea.ca\/fr\/wp-json\/wp\/v2\/types\/post"}],"author":[{"embeddable":true,"href":"https:\/\/archive.cafe.crea.ca\/fr\/wp-json\/wp\/v2\/users\/74"}],"replies":[{"embeddable":true,"href":"https:\/\/archive.cafe.crea.ca\/fr\/wp-json\/wp\/v2\/comments?post=30630"}],"version-history":[{"count":0,"href":"https:\/\/archive.cafe.crea.ca\/fr\/wp-json\/wp\/v2\/posts\/30630\/revisions"}],"wp:featuredmedia":[{"embeddable":true,"href":"https:\/\/archive.cafe.crea.ca\/fr\/wp-json\/wp\/v2\/media\/27105"}],"wp:attachment":[{"href":"https:\/\/archive.cafe.crea.ca\/fr\/wp-json\/wp\/v2\/media?parent=30630"}],"wp:term":[{"taxonomy":"category","embeddable":true,"href":"https:\/\/archive.cafe.crea.ca\/fr\/wp-json\/wp\/v2\/categories?post=30630"},{"taxonomy":"post_tag","embeddable":true,"href":"https:\/\/archive.cafe.crea.ca\/fr\/wp-json\/wp\/v2\/tags?post=30630"},{"taxonomy":"author","embeddable":true,"href":"https:\/\/archive.cafe.crea.ca\/fr\/wp-json\/wp\/v2\/coauthors?post=30630"}],"curies":[{"name":"wp","href":"https:\/\/api.w.org\/{rel}","templated":true}]}}