{"id":30629,"date":"2017-10-12T08:28:41","date_gmt":"2017-10-12T12:28:41","guid":{"rendered":"https:\/\/archive.cafe.crea.ca\/cap-sur-la-colline-du-parlement\/"},"modified":"2017-10-12T08:28:41","modified_gmt":"2017-10-12T12:28:41","slug":"cap-sur-la-colline-du-parlement","status":"publish","type":"post","link":"https:\/\/archive.cafe.crea.ca\/fr\/cap-sur-la-colline-du-parlement\/","title":{"rendered":"CAP sur la Colline du Parlement!"},"content":{"rendered":"<p>D\u2019ici quelques jours, les courtiers et agents membres de l\u2019ACI se retrouveront en grand nombre sur la Colline du Parlement.<\/p>\n<p>Du 15 au 17 octobre, plus de 350 membres repr\u00e9sentants du CAP se retrouveront dans la capitale du pays pour les Journ\u00e9es du Comit\u00e9 d\u2019action politique (CAP). Que vous soyez novice en politique, v\u00e9t\u00e9ran du CAP ou int\u00e9ress\u00e9 par l\u2019actualit\u00e9 sur la d\u00e9fense des int\u00e9r\u00eats des courtiers et agents membres, voici ce que r\u00e9serve le programme de la 32<sup>e<\/sup> conf\u00e9rence annuelle\u00a0:<\/p>\n<ol>\n<li><strong>Panels dynamiques :<\/strong> Pendant deux jours, vous plongerez dans les coulisses du pouvoir en \u00e9coutant des politiciens et des experts de la politique \u00e0 Ottawa. De plus, Gary Doer, ancien ambassadeur du Canada, et David Gergen, ancien conseiller pr\u00e9sidentiel et commentateur de CNN, prononceront des discours th\u00e8mes.<\/li>\n<li><strong>Formation riche en mati\u00e8re de d\u00e9fense des int\u00e9r\u00eats :<\/strong> Les repr\u00e9sentants du CAP entendront des experts se prononcer sur des strat\u00e9gies de lobbying efficaces et seront inform\u00e9s plus en d\u00e9tail sur les enjeux du secteur immobilier de l\u2019ann\u00e9e courante, y compris l\u2019\u00e9largissement du <a href=\"http:\/\/www.crea.ca\/fr\/federal-affairs\/help-homeowners-through-life-changes\/\" target=\"_blank\" rel=\"noopener noreferrer\">R\u00e9gime d&rsquo;accession \u00e0 la propri\u00e9t\u00e9 (RAP)<\/a> et <a href=\"http:\/\/www.realtorlink.ca\/content\/dam\/realtorlink\/crea\/english\/Federal_Public_Outreach\/Federal_Advocacy\/Lobby_Issues\/documents\/20170809_CREASubmissiononB20_Final_EN.pdf\" target=\"_blank\" rel=\"noopener noreferrer\">l&rsquo;arr\u00eat de la simulation de crise \u00e9largie pour les pr\u00eats hypoth\u00e9caires<\/a>.<\/li>\n<li><strong>Pr\u00e9sence massive sur la Colline : <\/strong>Le plein de r\u00e9unions. Les r\u00e9unions avec les d\u00e9put\u00e9s constituent le volet le plus important des Journ\u00e9es du CAP. Les repr\u00e9sentants du CAP rencontrent des \u00e9lus afin de favoriser l\u2019accession \u00e0 la propri\u00e9t\u00e9 et de leur faire part de leur connaissance intime du secteur de l\u2019habitation \u00e0 l\u2019\u00e9chelle nationale.<\/li>\n<\/ol>\n<p>Compte tenu de ce programme charg\u00e9, assurez-vous de ne pas oublier les essentiels suivants\u00a0:<\/p>\n<ul>\n<li><strong>Tenue de ville : <\/strong>Pour toutes les s\u00e9ances de l\u2019\u00e9v\u00e9nement, mais surtout pour les rencontres avec les d\u00e9put\u00e9s.<\/li>\n<li><strong>Pi\u00e8ce d\u2019identit\u00e9 : <\/strong>Ne vous faites pas ralentir par les v\u00e9rifications d\u2019identit\u00e9. Assurez-vous d\u2019avoir une pi\u00e8ce d\u2019identit\u00e9 avec photo d\u00e9livr\u00e9e par le gouvernement afin de pouvoir vous rendre \u00e0 la rencontre avec votre d\u00e9put\u00e9.<\/li>\n<li><strong>Carte professionnelle : <\/strong>Au terme d&rsquo;une rencontre fructueuse avec votre d\u00e9put\u00e9, assurez-vous de lui remettre votre carte professionnelle.<\/li>\n<li><strong>Parapluie et foulard\u00a0: <\/strong>Le climat s\u2019av\u00e8re parfois capricieux \u00e0 cette p\u00e9riode de l\u2019ann\u00e9e. \u00c9vitez de vous laisser surprendre par le vent froid, malgr\u00e9 la vue saisissante des coloris de l\u2019automne.<\/li>\n<\/ul>\n<p>Pour obtenir tous les d\u00e9tails de la conf\u00e9rence, y compris la documentation et l\u2019inscription, rendez-vous au <a href=\"http:\/\/www.realtoractionnetwork.com\/fr\/?NEQS=IZTTuhR5lW1WIyOTaZ4zOJQ1DwtHhEYBWcOQfbAfaaVqV%2BDIDco8qPgwtTvRturuwlRocwJAeKesRT18VfACyll7xg%2Bkcpc5QiEnHeSOMwE%3D\" target=\"_blank\" rel=\"noopener noreferrer\">www.ReseaudActionImmobilier.ca<\/a>. Si vous souhaitez devenir un repr\u00e9sentant du CAP, veuillez communiquer avec votre chambre ou association.<\/p>\n","protected":false},"excerpt":{"rendered":"<p>D\u2019ici quelques jours, les courtiers et agents membres de l\u2019ACI se retrouveront en grand nombre sur la Colline du Parlement. Du 15 au 17 octobre, plus de 350 membres repr\u00e9sentants du CAP se retrouveront dans la capitale du pays pour les Journ\u00e9es du Comit\u00e9 d\u2019action politique (CAP). Que vous soyez novice en politique, v\u00e9t\u00e9ran du &hellip; <a href=\"https:\/\/archive.cafe.crea.ca\/fr\/cap-sur-la-colline-du-parlement\/\" class=\"more-link\">Continue reading <span class=\"screen-reader-text\">CAP sur la Colline du Parlement!<\/span><\/a><\/p>\n","protected":false},"author":102,"featured_media":27103,"comment_status":"open","ping_status":"open","sticky":false,"template":"","format":"standard","meta":{"footnotes":""},"categories":[2369],"tags":[],"coauthors":[],"class_list":["post-30629","post","type-post","status-publish","format-standard","has-post-thumbnail","hentry","category-defense-des-interets"],"aioseo_notices":[],"_links":{"self":[{"href":"https:\/\/archive.cafe.crea.ca\/fr\/wp-json\/wp\/v2\/posts\/30629"}],"collection":[{"href":"https:\/\/archive.cafe.crea.ca\/fr\/wp-json\/wp\/v2\/posts"}],"about":[{"href":"https:\/\/archive.cafe.crea.ca\/fr\/wp-json\/wp\/v2\/types\/post"}],"author":[{"embeddable":true,"href":"https:\/\/archive.cafe.crea.ca\/fr\/wp-json\/wp\/v2\/users\/102"}],"replies":[{"embeddable":true,"href":"https:\/\/archive.cafe.crea.ca\/fr\/wp-json\/wp\/v2\/comments?post=30629"}],"version-history":[{"count":0,"href":"https:\/\/archive.cafe.crea.ca\/fr\/wp-json\/wp\/v2\/posts\/30629\/revisions"}],"wp:featuredmedia":[{"embeddable":true,"href":"https:\/\/archive.cafe.crea.ca\/fr\/wp-json\/wp\/v2\/media\/27103"}],"wp:attachment":[{"href":"https:\/\/archive.cafe.crea.ca\/fr\/wp-json\/wp\/v2\/media?parent=30629"}],"wp:term":[{"taxonomy":"category","embeddable":true,"href":"https:\/\/archive.cafe.crea.ca\/fr\/wp-json\/wp\/v2\/categories?post=30629"},{"taxonomy":"post_tag","embeddable":true,"href":"https:\/\/archive.cafe.crea.ca\/fr\/wp-json\/wp\/v2\/tags?post=30629"},{"taxonomy":"author","embeddable":true,"href":"https:\/\/archive.cafe.crea.ca\/fr\/wp-json\/wp\/v2\/coauthors?post=30629"}],"curies":[{"name":"wp","href":"https:\/\/api.w.org\/{rel}","templated":true}]}}