{"id":30616,"date":"2017-11-17T13:24:30","date_gmt":"2017-11-17T18:24:30","guid":{"rendered":"https:\/\/archive.cafe.crea.ca\/saveurs-de-la-semaine-le-17-novembre-2017\/"},"modified":"2017-11-17T13:24:30","modified_gmt":"2017-11-17T18:24:30","slug":"saveurs-de-la-semaine-le-17-novembre-2017","status":"publish","type":"post","link":"https:\/\/archive.cafe.crea.ca\/fr\/saveurs-de-la-semaine-le-17-novembre-2017\/","title":{"rendered":"Saveurs de la semaine : le 17 novembre 2017"},"content":{"rendered":"<p><em>Les Saveurs de la semaine sont votre source hebdomadaire de nouvelles et de reportages sur l\u2019immobilier qui auraient pu vous \u00e9chapper.<\/em><em>\u00a0Notre \u00e9quipe des Saveurs de la semaine s\u2019acharne \u00e0 parcourir le Web \u00e0 la recherche de reportages obscurs, bizarres, int\u00e9ressants et informatifs sur l\u2019immobilier ou des sujets connexes. Si vous d\u00e9sirez en contribuer un, veuillez l\u2019afficher \u00e0 notre section r\u00e9serv\u00e9e aux commentaires ou gazouiller sur le reportage en utilisant le mot-clic\u00a0<strong>#Saveursdelasemaine<\/strong>. Faites-vous couler une bonne tasse de caf\u00e9 frais, savourez ces reportages\u2026 et faites-en peut-\u00eatre m\u00eame part \u00e0 vos amis et coll\u00e8gues. Bonne lecture!<\/em><\/p>\n<p><strong>Voici mes choix de la semaine\u00a0:<\/strong><\/p>\n<p>Les conseils de la semaine\u00a0: le <a href=\"https:\/\/www.lesoleil.com\/maison\/le-bonheur-dans-210-pieds-carres-0927edfe0bfb62830bc6e2c714feeb2b\" target=\"_blank\" rel=\"noopener\">bonheur dans 210\u00a0pieds carr\u00e9s<\/a>; <a href=\"http:\/\/www.lapresse.ca\/maison\/immobilier\/conseils\/201711\/13\/01-5143324-a-faire-dehors-avant-lhiver.php?utm_categorieinterne=trafficdrivers&amp;utm_contenuinterne=cyberpresse_B13b_immobilier_320590_section_POS3\" target=\"_blank\" rel=\"noopener\">\u00e0 faire dehors avant l\u2019hiver<\/a>; la <a href=\"http:\/\/www.lapresse.ca\/maison\/immobilier\/conseils\/201711\/16\/01-5143777-lincroyable-durabilite-des-toitures-dardoises.php?utm_categorieinterne=trafficdrivers&amp;utm_contenuinterne=cyberpresse_B13b_immobilier_320590_section_POS1\" target=\"_blank\" rel=\"noopener\">durabilit\u00e9 des toitures d\u2019ardoise<\/a>; <a href=\"http:\/\/www.lapresse.ca\/maison\/immobilier\/conseils\/201711\/15\/01-5143622-location-a-court-terme-des-voisins-de-passage-indesirables.php?utm_categorieinterne=trafficdrivers&amp;utm_contenuinterne=cyberpresse_B13b_immobilier_320590_section_POS2\" target=\"_blank\" rel=\"noopener\">location \u00e0 court terme, voisins de passage ind\u00e9sirables<\/a>; <a href=\"http:\/\/www.lapresse.ca\/maison\/architecture\/201711\/14\/01-5143488-seclater-cote-cour.php\">s\u2019\u00e9clater c\u00f4t\u00e9 cour<\/a>;\u00a0<a href=\"http:\/\/www.journaldemontreal.com\/2017\/11\/15\/protegez-votre-maison-en-prevision-du-climat-extreme\" target=\"_blank\" rel=\"noopener\">prot\u00e9gez votre maison en pr\u00e9vision du climat extr\u00eame<\/a> et <a href=\"http:\/\/www.journaldemontreal.com\/2015\/06\/02\/comment-choisir-le-bon-entrepreneur\" target=\"_blank\" rel=\"noopener\">comment choisir le bon entrepreneur<\/a>.<\/p>\n<p>Le <em>Journal de Montr\u00e9al<\/em> demande\u00a0: <a href=\"http:\/\/www.journaldemontreal.com\/2017\/11\/30\/louer-ou-acheter-telle-est-la-question\" target=\"_blank\" rel=\"noopener\">louer ou acheter? Telle est la question<\/a>.<\/p>\n<p>Andr\u00e9 Dubuc, de <em>La Presse,<\/em> discute de <a href=\"http:\/\/affaires.lapresse.ca\/economie\/immobilier\/201711\/14\/01-5143507-taxe-immobiliere-sur-les-acheteurs-etrangers-un-effet-cosmetique.php\" target=\"_blank\" rel=\"noopener\">taxe immobili\u00e8re sur les acheteurs \u00e9trangers<\/a>, alors que <em>Conseiller<\/em> partage les <a href=\"http:\/\/www.conseiller.ca\/nouvelles\/immobilier-la-taxe-sur-les-acheteurs-etrangers-est-inefficace-64850\" target=\"_blank\" rel=\"noopener\">observations de la SCHL quant aux effets de cette taxe sur les march\u00e9s immobiliers de Vancouver et Toronto<\/a>.<\/p>\n<p>Joanie Fontaine, des <em>Affaires<\/em>, cherche <a href=\"http:\/\/www.lesaffaires.com\/blogues\/joanie-fontaine\/acheteurs-peu-mobiles-acquisition-propriete\/598689\" target=\"_blank\" rel=\"noopener\">d\u2019o\u00f9 proviennent ceux qui ach\u00e8tent votre propri\u00e9t\u00e9<\/a>. <em>Les Affaires<\/em> souligne qu\u2019\u00e0 <a href=\"https:\/\/www.lesaffaires.com\/secteurs-d-activite\/immobilier\/montreal-les-prix-de-l-immobilier-ne-baisseront-pas\/598712\" target=\"_blank\" rel=\"noopener\">Montr\u00e9al, les prix de l\u2019immobilier ne baisseront pas<\/a>.<\/p>\n<p>Le saviez-vous? <a href=\"http:\/\/auto.lapresse.ca\/course-automobile\/201711\/13\/01-5143383-limmobilier-est-plus-payant-quun-circuit-de-f1-lavenir-du-gp-du-bresil-est-incertain.php\" target=\"_blank\" rel=\"noopener\">L\u2019immobilier est plus payant qu\u2019un circuit de F1\u00a0<\/a>: l\u2019avenir du Grand Prix du Br\u00e9sil est incertain.<\/p>\n<p><em>SeLoger<\/em> constate que le <a href=\"http:\/\/edito.seloger.com\/actualites\/france\/immobilier-le-pouvoir-d-achat-des-francais-augmente-de-37-en-10-ans-article-22425.html\" target=\"_blank\" rel=\"noopener\">pouvoir d\u2019achat immobilier des Fran\u00e7ais a augment\u00e9 de 37\u00a0% en 10\u00a0ans<\/a>.<\/p>\n<p>Le tour hebdomadaire de la plan\u00e8te\u00a0: on dit que <a href=\"http:\/\/affaires.lapresse.ca\/finances-personnelles\/201711\/14\/01-5143500-floride-le-soleil-apres-louragan-immobilier.php\" target=\"_blank\" rel=\"noopener\">la Floride reste ensoleill\u00e9e apr\u00e8s l\u2019ouragan immobilier<\/a>; <em>Boursorama<\/em> discute des <a href=\"http:\/\/www.boursorama.com\/actualites\/catalogne-les-consequences-de-la-crise-sur-l-immobilier-de-luxe-b8bb4bd47e034184383cae9323ec8230\" target=\"_blank\" rel=\"noopener\">cons\u00e9quences de la crise sur l\u2019immobilier de luxe en Catalogne<\/a> et le <em>Blog Immobilier Toulouse<\/em> estime que <a href=\"http:\/\/blog-immobilier-toulouse.fr\/sous-sols-parisiens-potentiel-immobilier\/\" target=\"_blank\" rel=\"noopener\">l\u2019avenir de l\u2019immobilier parisien se trouve au sous-sol<\/a>.<\/p>\n","protected":false},"excerpt":{"rendered":"<p>Les Saveurs de la semaine sont votre source hebdomadaire de nouvelles et de reportages sur l\u2019immobilier qui auraient pu vous \u00e9chapper.\u00a0Notre \u00e9quipe des Saveurs de la semaine s\u2019acharne \u00e0 parcourir le Web \u00e0 la recherche de reportages obscurs, bizarres, int\u00e9ressants et informatifs sur l\u2019immobilier ou des sujets connexes. Si vous d\u00e9sirez en contribuer un, veuillez &hellip; <a href=\"https:\/\/archive.cafe.crea.ca\/fr\/saveurs-de-la-semaine-le-17-novembre-2017\/\" class=\"more-link\">Continue reading <span class=\"screen-reader-text\">Saveurs de la semaine : le 17 novembre 2017<\/span><\/a><\/p>\n","protected":false},"author":74,"featured_media":27077,"comment_status":"open","ping_status":"open","sticky":false,"template":"","format":"standard","meta":{"footnotes":""},"categories":[2372],"tags":[],"coauthors":[],"class_list":["post-30616","post","type-post","status-publish","format-standard","has-post-thumbnail","hentry","category-divers"],"aioseo_notices":[],"_links":{"self":[{"href":"https:\/\/archive.cafe.crea.ca\/fr\/wp-json\/wp\/v2\/posts\/30616"}],"collection":[{"href":"https:\/\/archive.cafe.crea.ca\/fr\/wp-json\/wp\/v2\/posts"}],"about":[{"href":"https:\/\/archive.cafe.crea.ca\/fr\/wp-json\/wp\/v2\/types\/post"}],"author":[{"embeddable":true,"href":"https:\/\/archive.cafe.crea.ca\/fr\/wp-json\/wp\/v2\/users\/74"}],"replies":[{"embeddable":true,"href":"https:\/\/archive.cafe.crea.ca\/fr\/wp-json\/wp\/v2\/comments?post=30616"}],"version-history":[{"count":0,"href":"https:\/\/archive.cafe.crea.ca\/fr\/wp-json\/wp\/v2\/posts\/30616\/revisions"}],"wp:featuredmedia":[{"embeddable":true,"href":"https:\/\/archive.cafe.crea.ca\/fr\/wp-json\/wp\/v2\/media\/27077"}],"wp:attachment":[{"href":"https:\/\/archive.cafe.crea.ca\/fr\/wp-json\/wp\/v2\/media?parent=30616"}],"wp:term":[{"taxonomy":"category","embeddable":true,"href":"https:\/\/archive.cafe.crea.ca\/fr\/wp-json\/wp\/v2\/categories?post=30616"},{"taxonomy":"post_tag","embeddable":true,"href":"https:\/\/archive.cafe.crea.ca\/fr\/wp-json\/wp\/v2\/tags?post=30616"},{"taxonomy":"author","embeddable":true,"href":"https:\/\/archive.cafe.crea.ca\/fr\/wp-json\/wp\/v2\/coauthors?post=30616"}],"curies":[{"name":"wp","href":"https:\/\/api.w.org\/{rel}","templated":true}]}}