{"id":30613,"date":"2017-11-28T08:26:55","date_gmt":"2017-11-28T13:26:55","guid":{"rendered":"https:\/\/archive.cafe.crea.ca\/les-canadiens-au-coeur-des-discussions-rencontre-des-membres-de-laci-avec-des-deputes\/"},"modified":"2017-11-28T08:26:55","modified_gmt":"2017-11-28T13:26:55","slug":"les-canadiens-au-coeur-des-discussions-rencontre-des-membres-de-laci-avec-des-deputes","status":"publish","type":"post","link":"https:\/\/archive.cafe.crea.ca\/fr\/les-canadiens-au-coeur-des-discussions-rencontre-des-membres-de-laci-avec-des-deputes\/","title":{"rendered":"Les Canadiens au c\u0153ur des discussions : rencontre des membres de l\u2019ACI avec des d\u00e9put\u00e9s"},"content":{"rendered":"<p>360 courtiers et agents membres. Plus de 200\u00a0r\u00e9unions avec des d\u00e9put\u00e9s. Un seul objectif.<\/p>\n<p>Le mois dernier, nos membres ont converg\u00e9 vers Ottawa \u00e0 l\u2019occasion de l\u2019\u00e9dition annuelle des Journ\u00e9es du Comit\u00e9 d\u2019action politique (CAP). Ils y ont d\u00e9fendu avec conviction l\u2019acc\u00e8s abordable \u00e0 la propri\u00e9t\u00e9 pour tous les Canadiens.<\/p>\n<p>Les membres les plus actifs politiquement ont \u00e9t\u00e9 vus se d\u00e9pla\u00e7ant entre les \u00e9difices de l\u2019Est et de l\u2019Ouest de la Colline du Parlement pour participer \u00e0 des centaines de r\u00e9unions avec les d\u00e9put\u00e9s.<\/p>\n<p>Durant ces r\u00e9unions, nos membres ont soulev\u00e9 de nombreuses questions, notamment deux propositions cruciales\u00a0:<\/p>\n<ol>\n<li>La modernisation et l\u2019\u00e9largissement du R\u00e9gime d\u2019accession \u00e0 la propri\u00e9t\u00e9 (RAP).<\/li>\n<li>L\u2019introduction du RAP interg\u00e9n\u00e9rationnel pour les nouveaux acheteurs.<\/li>\n<\/ol>\n<p><img loading=\"lazy\" decoding=\"async\" class=\"alignnone size-full wp-image-19386\" src=\"http:\/\/www.crea.ca\/wp-content\/uploads\/2017\/11\/PACDays-Infographic-FR.jpg\" alt=\"PAC Days graphic in french.\" width=\"890\" height=\"1446\" srcset=\"https:\/\/archive.cafe.crea.ca\/wp-content\/uploads\/2017\/11\/PACDays-Infographic-FR.jpg 890w, https:\/\/archive.cafe.crea.ca\/wp-content\/uploads\/2017\/11\/PACDays-Infographic-FR-768x1248.jpg 768w\" sizes=\"(max-width: 890px) 100vw, 890px\" \/><\/p>\n<p>Pour ceux qui n\u2019ont pas pu se rendre \u00e0 Ottawa, nous avons pr\u00e9par\u00e9 ci-dessous un r\u00e9sum\u00e9 des faits saillants de l\u2019\u00e9v\u00e9nement.<\/p>\n<p>Depuis des ann\u00e9es, Gregory Klump, notre \u00e9conomiste en chef ne cesse de marteler que l\u2019immobilier au Canada est absolument local. En d\u2019autres termes, le march\u00e9 r\u00e9sidentiel de Toronto ne refl\u00e8te pas n\u00e9cessairement le march\u00e9 de Charlottetown (et ils ne devraient pas non plus \u00eatre trait\u00e9s de la m\u00eame fa\u00e7on). Les repr\u00e9sentants du CAP ont pris soin de porter ce point au premier plan des discussions avec leurs d\u00e9put\u00e9s, en offrant des contrastes nets entre les march\u00e9s r\u00e9sidentiels des diff\u00e9rentes r\u00e9gions du pays.<\/p>\n<p>Dans la salle de conf\u00e9rence, les participants ont pu entendre plusieurs experts en politique publique, des journalistes et des politiciens. Durant la s\u00e9ance \u00ab\u00a0Panel des d\u00e9put\u00e9s\u00a0: R\u00e9flexions depuis les tranch\u00e9es\u00a0\u00bb, ils ont aussi eu droit \u00e0 un extrait des interventions des d\u00e9put\u00e9es Rachel Harder, Sheila Malcolmson et Yvonne Jones pendant la p\u00e9riode des questions. David Gergen, ancien conseiller pr\u00e9sidentiel et commentateur \u00e0 CNN, a parl\u00e9 de \u00ab\u00a0l\u2019effet Trump\u00a0\u00bb et le ministre Jean-Yves Duclos s\u2019est exprim\u00e9 sur la politique nationale du logement du gouvernement actuel.<\/p>\n<p>L\u2019humour \u00e9tait aussi au rendez-vous avec CANAFE (vous avez bien lu, <strong><em>humour <\/em><\/strong>et CANAFE dans la m\u00eame phrase). Chris Mathers, conf\u00e9rencier et d\u00e9tective priv\u00e9, a anim\u00e9 une discussion captivante et enrichissante sur les mesures de lutte contre le blanchiment de capitaux qui a attis\u00e9 l\u2019int\u00e9r\u00eat des participants.<\/p>\n<p>Finalement, les repr\u00e9sentants du CAP sont rest\u00e9s tr\u00e8s actifs sur les r\u00e9seaux sociaux au moyen des mots-clics #CREAPAC17 et #CAP17ACI. Les photos qu\u2019ils y ont partag\u00e9es ont ensuite servi \u00e0 cr\u00e9er une magnifique mosa\u00efque qui a ravi les participants.<\/p>\n<blockquote class=\"twitter-tweet\" data-lang=\"en\">\n<p dir=\"ltr\" lang=\"fr\">Combien de photos faut-il pour cr\u00e9er un chef-d\u2019\u0153uvre <a href=\"https:\/\/twitter.com\/hashtag\/CAP17ACI?src=hash&amp;ref_src=twsrc%5Etfw\">#CAP17ACI<\/a>? Des tas. Merci de nous avoir aid\u00e9s \u00e0 y arriver! <a href=\"https:\/\/t.co\/Vz579rDOsa\">pic.twitter.com\/Vz579rDOsa<\/a><\/p>\n<p>\u2014 CREA | ACI (@CREA_ACI) <a href=\"https:\/\/twitter.com\/CREA_ACI\/status\/919914648392163328?ref_src=twsrc%5Etfw\">October 16, 2017<\/a><\/p><\/blockquote>\n<p><script async src=\"https:\/\/platform.twitter.com\/widgets.js\" charset=\"utf-8\"><\/script><\/p>\n<p>Suivez l\u2019ACI sur <a href=\"http:\/\/twitter.com\/crea_aci\" target=\"_blank\" rel=\"noopener\">Twitter<\/a> et <a href=\"http:\/\/instagram.com\/crea_aci\" target=\"_blank\" rel=\"noopener\">Instagram<\/a> pour revivre les 32<sup>e<\/sup>\u00a0Journ\u00e9es annuelles du CAP et parcourir les photos des r\u00e9unions avec les d\u00e9put\u00e9s.<\/p>\n<p>Visitez le <a href=\"http:\/\/www.realtoractionnetwork.com\/fr\/?NEQS=IZTTuhR5lW1WIyOTaZ4zOIXWBnIxepyOjtXwGglip9YrOl8mfG0xhYgamQAOCrpsdOo8gyqm5C8w%2Bms2GwRiDuCIjUWPnBbWlFkLUqtCuMw%3D\" target=\"_blank\" rel=\"noopener\">R\u00e9seau d\u2019action immobilier<\/a> pour consulter les <a href=\"https:\/\/www.realtorlink.ca\/content\/dam\/realtorlink\/crea\/Francais\/Relations_gouvernmentales_et_publiques\/Defense_des_interets_aupres_du_gouvernement_federal\/Comite_d_action_politique\/CAP_printemps_2016\/20171006_PACDays_MPBriefingBooklet_FR_Web.pdf\" target=\"_blank\" rel=\"noopener\">Recommandations\u00a02017 des courtiers et des agents immobiliers<\/a> et suivre toutes les activit\u00e9s des Affaires f\u00e9d\u00e9rales de l\u2019ACI.<\/p>\n","protected":false},"excerpt":{"rendered":"<p>360 courtiers et agents membres. Plus de 200\u00a0r\u00e9unions avec des d\u00e9put\u00e9s. Un seul objectif. Le mois dernier, nos membres ont converg\u00e9 vers Ottawa \u00e0 l\u2019occasion de l\u2019\u00e9dition annuelle des Journ\u00e9es du Comit\u00e9 d\u2019action politique (CAP). Ils y ont d\u00e9fendu avec conviction l\u2019acc\u00e8s abordable \u00e0 la propri\u00e9t\u00e9 pour tous les Canadiens. Les membres les plus actifs &hellip; <a href=\"https:\/\/archive.cafe.crea.ca\/fr\/les-canadiens-au-coeur-des-discussions-rencontre-des-membres-de-laci-avec-des-deputes\/\" class=\"more-link\">Continue reading <span class=\"screen-reader-text\">Les Canadiens au c\u0153ur des discussions : rencontre des membres de l\u2019ACI avec des d\u00e9put\u00e9s<\/span><\/a><\/p>\n","protected":false},"author":102,"featured_media":27072,"comment_status":"open","ping_status":"open","sticky":false,"template":"","format":"standard","meta":{"footnotes":""},"categories":[2369],"tags":[],"coauthors":[],"class_list":["post-30613","post","type-post","status-publish","format-standard","has-post-thumbnail","hentry","category-defense-des-interets"],"aioseo_notices":[],"_links":{"self":[{"href":"https:\/\/archive.cafe.crea.ca\/fr\/wp-json\/wp\/v2\/posts\/30613"}],"collection":[{"href":"https:\/\/archive.cafe.crea.ca\/fr\/wp-json\/wp\/v2\/posts"}],"about":[{"href":"https:\/\/archive.cafe.crea.ca\/fr\/wp-json\/wp\/v2\/types\/post"}],"author":[{"embeddable":true,"href":"https:\/\/archive.cafe.crea.ca\/fr\/wp-json\/wp\/v2\/users\/102"}],"replies":[{"embeddable":true,"href":"https:\/\/archive.cafe.crea.ca\/fr\/wp-json\/wp\/v2\/comments?post=30613"}],"version-history":[{"count":0,"href":"https:\/\/archive.cafe.crea.ca\/fr\/wp-json\/wp\/v2\/posts\/30613\/revisions"}],"wp:featuredmedia":[{"embeddable":true,"href":"https:\/\/archive.cafe.crea.ca\/fr\/wp-json\/wp\/v2\/media\/27072"}],"wp:attachment":[{"href":"https:\/\/archive.cafe.crea.ca\/fr\/wp-json\/wp\/v2\/media?parent=30613"}],"wp:term":[{"taxonomy":"category","embeddable":true,"href":"https:\/\/archive.cafe.crea.ca\/fr\/wp-json\/wp\/v2\/categories?post=30613"},{"taxonomy":"post_tag","embeddable":true,"href":"https:\/\/archive.cafe.crea.ca\/fr\/wp-json\/wp\/v2\/tags?post=30613"},{"taxonomy":"author","embeddable":true,"href":"https:\/\/archive.cafe.crea.ca\/fr\/wp-json\/wp\/v2\/coauthors?post=30613"}],"curies":[{"name":"wp","href":"https:\/\/api.w.org\/{rel}","templated":true}]}}