{"id":30610,"date":"2017-12-05T08:43:04","date_gmt":"2017-12-05T13:43:04","guid":{"rendered":"https:\/\/archive.cafe.crea.ca\/les-dangers-du-radon-pour-des-proprietaires-mieux-informes\/"},"modified":"2017-12-05T08:43:04","modified_gmt":"2017-12-05T13:43:04","slug":"les-dangers-du-radon-pour-des-proprietaires-mieux-informes","status":"publish","type":"post","link":"https:\/\/archive.cafe.crea.ca\/fr\/les-dangers-du-radon-pour-des-proprietaires-mieux-informes\/","title":{"rendered":"Les dangers du radon : pour des propri\u00e9taires mieux inform\u00e9s"},"content":{"rendered":"<p>Non, le radon n\u2019est pas un personnage affreux tout droit sorti d\u2019un film fantastique et ce n\u2019est pas demain la veille qu\u2019on le verra au grand \u00e9cran. N\u00e9anmoins, ce gaz radioactif pr\u00e9sent \u00e0 l\u2019\u00e9tat naturel suite \u00e0 la d\u00e9sint\u00e9gration de l\u2019uranium dans le sol, la roche et l\u2019eau pose une menace bien r\u00e9elle. Il se retrouve dans toutes les maisons canadiennes, \u00e0 divers niveaux de concentration.<\/p>\n<p>La pr\u00e9sence d\u2019un gaz radioactif dans une maison pose potentiellement de graves risques pour la sant\u00e9 si rien n\u2019est fait. La bonne nouvelle\u00a0: tout propri\u00e9taire peut facilement effectuer lui-m\u00eame la d\u00e9tection du radon par des moyens g\u00e9n\u00e9ralement peu co\u00fbteux.<\/p>\n<p>Comment vous assurer que vos clients mesurent efficacement la pr\u00e9sence du radon?<\/p>\n<p>Le recours \u00e0 la m\u00e9thode de mesure appropri\u00e9e est essentiel. Les mesures de longue dur\u00e9e sur trois mois, pr\u00e9f\u00e9rablement au cours de l\u2019automne ou de l\u2019hiver, sont la <a href=\"https:\/\/www.canada.ca\/fr\/sante-canada\/services\/sante-environnement-milieu-travail\/radiation\/radon\/comment-puis-mesurer-concentration-radon.html\" target=\"_blank\" rel=\"noopener\">m\u00e9thode la plus efficace<\/a>, selon Sant\u00e9 Canada. En effet, elle produit des r\u00e9sultats plus repr\u00e9sentatifs quant \u00e0 l\u2019exposition annuelle moyenne.<\/p>\n<p>Au terme des mesures, les r\u00e9sultats sont envoy\u00e9s \u00e0 des professionnels certifi\u00e9s de la mesure du radon qui en d\u00e9termineront les concentrations (vos clients trouveront toutes ces informations dans les trousses de mesure du radon).<\/p>\n<p>Si les concentrations de radon d\u00e9passent 200\u00a0Bq\/m<sup>3<\/sup> (becquerels par m\u00e8tre cube), un professionnel de la mesure du radon devra mettre en place un syst\u00e8me d\u2019att\u00e9nuation qui r\u00e9duira ces concentrations dans la maison. Rappelez \u00e0 vos clients de toujours demander des devis, de <a href=\"https:\/\/www.realtorlink.ca\/content\/dam\/realtorlink\/crea\/Francais\/Ressources_et_confimite\/Publications\/Ressources_des_courtiers_et_agents\/Le%20radon%20\u2013%20Guide%20du%20propri\u00e9taire.pdf\" target=\"_blank\" rel=\"noopener\">poser des questions<\/a> et de v\u00e9rifier les r\u00e9f\u00e9rences avant de choisir un professionnel.<\/p>\n<p>Cette ann\u00e9e, l\u2019Association canadienne de l\u2019immeuble (ACI) ainsi que les chambres et associations du pays effectueront des mesures du radon dans leurs locaux respectifs. Pour conna\u00eetre les r\u00e9sultats de ces analyses, ne manquez pas de visiter le Caf\u00e9 ACI au printemps prochain.<\/p>\n<p>Les trousses de mesure du radon sont disponibles partout au Canada. Pour trouver un d\u00e9taillant \u00e0 proximit\u00e9, rendez-vous sur <a href=\"https:\/\/www.occupetoiduradon.ca\/tester\" target=\"_blank\" rel=\"noopener\">occupetoiduradon.ca\/tester<\/a>.<\/p>\n<p><em>Pour un compl\u00e9ment d\u2019information \u00e0 fournir \u00e0 vos clients, consultez la publication <\/em><a href=\"https:\/\/www.realtorlink.ca\/content\/dam\/realtorlink\/crea\/Francais\/Ressources_et_confimite\/Publications\/Ressources_des_courtiers_et_agents\/Le%20radon%20\u2013%20Guide%20du%20propri\u00e9taire.pdf\" target=\"_blank\" rel=\"noopener\"><em>Le radon \u2013 Guide du propri\u00e9taire<\/em><\/a><em>. Pour en apprendre plus sur la d\u00e9tection du radon, suivez #MoisActionRadon sur les r\u00e9seaux sociaux. <\/em><\/p>\n","protected":false},"excerpt":{"rendered":"<p>Non, le radon n\u2019est pas un personnage affreux tout droit sorti d\u2019un film fantastique et ce n\u2019est pas demain la veille qu\u2019on le verra au grand \u00e9cran. N\u00e9anmoins, ce gaz radioactif pr\u00e9sent \u00e0 l\u2019\u00e9tat naturel suite \u00e0 la d\u00e9sint\u00e9gration de l\u2019uranium dans le sol, la roche et l\u2019eau pose une menace bien r\u00e9elle. Il se &hellip; <a href=\"https:\/\/archive.cafe.crea.ca\/fr\/les-dangers-du-radon-pour-des-proprietaires-mieux-informes\/\" class=\"more-link\">Continue reading <span class=\"screen-reader-text\">Les dangers du radon : pour des propri\u00e9taires mieux inform\u00e9s<\/span><\/a><\/p>\n","protected":false},"author":102,"featured_media":27066,"comment_status":"open","ping_status":"open","sticky":false,"template":"","format":"standard","meta":{"footnotes":""},"categories":[2369],"tags":[],"coauthors":[],"class_list":["post-30610","post","type-post","status-publish","format-standard","has-post-thumbnail","hentry","category-defense-des-interets"],"aioseo_notices":[],"_links":{"self":[{"href":"https:\/\/archive.cafe.crea.ca\/fr\/wp-json\/wp\/v2\/posts\/30610"}],"collection":[{"href":"https:\/\/archive.cafe.crea.ca\/fr\/wp-json\/wp\/v2\/posts"}],"about":[{"href":"https:\/\/archive.cafe.crea.ca\/fr\/wp-json\/wp\/v2\/types\/post"}],"author":[{"embeddable":true,"href":"https:\/\/archive.cafe.crea.ca\/fr\/wp-json\/wp\/v2\/users\/102"}],"replies":[{"embeddable":true,"href":"https:\/\/archive.cafe.crea.ca\/fr\/wp-json\/wp\/v2\/comments?post=30610"}],"version-history":[{"count":0,"href":"https:\/\/archive.cafe.crea.ca\/fr\/wp-json\/wp\/v2\/posts\/30610\/revisions"}],"wp:featuredmedia":[{"embeddable":true,"href":"https:\/\/archive.cafe.crea.ca\/fr\/wp-json\/wp\/v2\/media\/27066"}],"wp:attachment":[{"href":"https:\/\/archive.cafe.crea.ca\/fr\/wp-json\/wp\/v2\/media?parent=30610"}],"wp:term":[{"taxonomy":"category","embeddable":true,"href":"https:\/\/archive.cafe.crea.ca\/fr\/wp-json\/wp\/v2\/categories?post=30610"},{"taxonomy":"post_tag","embeddable":true,"href":"https:\/\/archive.cafe.crea.ca\/fr\/wp-json\/wp\/v2\/tags?post=30610"},{"taxonomy":"author","embeddable":true,"href":"https:\/\/archive.cafe.crea.ca\/fr\/wp-json\/wp\/v2\/coauthors?post=30610"}],"curies":[{"name":"wp","href":"https:\/\/api.w.org\/{rel}","templated":true}]}}