{"id":30609,"date":"2017-12-08T13:19:48","date_gmt":"2017-12-08T18:19:48","guid":{"rendered":"https:\/\/archive.cafe.crea.ca\/saveurs-de-la-semaine-le-8-decembre-2017\/"},"modified":"2017-12-08T13:19:48","modified_gmt":"2017-12-08T18:19:48","slug":"saveurs-de-la-semaine-le-8-decembre-2017","status":"publish","type":"post","link":"https:\/\/archive.cafe.crea.ca\/fr\/saveurs-de-la-semaine-le-8-decembre-2017\/","title":{"rendered":"Saveurs de la semaine : le 8 d\u00e9cembre 2017"},"content":{"rendered":"<p><em>Les Saveurs de la semaine sont votre source hebdomadaire de nouvelles et de reportages sur l\u2019immobilier qui auraient pu vous \u00e9chapper.<\/em><em>\u00a0Notre \u00e9quipe des Saveurs de la semaine s\u2019acharne \u00e0 parcourir le Web \u00e0 la recherche de reportages obscurs, bizarres, int\u00e9ressants et informatifs sur l\u2019immobilier ou des sujets connexes. Si vous d\u00e9sirez en contribuer un, veuillez l\u2019afficher \u00e0 notre section r\u00e9serv\u00e9e aux commentaires ou gazouiller sur le reportage en utilisant le mot-clic\u00a0<strong>#Saveursdelasemaine<\/strong>. Faites-vous couler une bonne tasse de caf\u00e9 frais, savourez ces reportages\u2026 et faites-en peut-\u00eatre m\u00eame part \u00e0 vos amis et coll\u00e8gues. Bonne lecture!<\/em><\/p>\n<p><strong>Voici mes choix de la semaine\u00a0:<\/strong><\/p>\n<p>Les conseils de la semaine\u00a0: <a href=\"http:\/\/www.lapresse.ca\/maison\/decoration\/201712\/06\/01-5146098-recreer-la-magie-de-noel.php\" target=\"_blank\" rel=\"noopener\">recr\u00e9er la magie de No\u00ebl<\/a>; <a href=\"http:\/\/www.lapresse.ca\/maison\/decoration\/201712\/05\/01-5145945-lumineuse-feerie.php\" target=\"_blank\" rel=\"noopener\">lumineuse f\u00e9erie<\/a>; <a href=\"http:\/\/www.lapresse.ca\/maison\/decoration\/carnet-dadresses\/201712\/05\/01-5145950-bien-a-vous-version-noel.php?utm_categorieinterne=trafficdrivers&amp;utm_contenuinterne=cyberpresse_B13b_decoration_320591_section_POS4\" target=\"_blank\" rel=\"noopener\">bien \u00e0 vous, version No\u00ebl<\/a>; le <a href=\"http:\/\/www.lapresse.ca\/maison\/decoration\/201712\/04\/01-5145857-le-plus-beau-des-sapins.php?utm_categorieinterne=trafficdrivers&amp;utm_contenuinterne=cyberpresse_B13b_decoration_320591_section_POS5\" target=\"_blank\" rel=\"noopener\">plus beau des sapins<\/a>; <a href=\"https:\/\/www.lesoleil.com\/maison\/noel-unicolore-96b32dfce846e7fe236bc2f317ce51a7\" target=\"_blank\" rel=\"noopener\">No\u00ebl unicolore<\/a>; <a href=\"https:\/\/www.lesoleil.com\/maison\/decorer-en-jouant-la-transparence-3f4f108247608f3be6d607c67c833bdc\">d\u00e9corer en jouant la transparence<\/a>; <a href=\"https:\/\/www.lesoleil.com\/maison\/effet-boule-de-neige-bcf8290c0751243aca0935acd3d72b4d\" target=\"_blank\" rel=\"noopener\">effet boule de neige<\/a>; <a href=\"http:\/\/www.journaldemontreal.com\/2017\/12\/03\/investir-en-immobilier-a-ma-retraite-une-bonne-idee\" target=\"_blank\" rel=\"noopener\">investir en immobilier \u00e0 la retraite<\/a>; <a href=\"http:\/\/www.journaldemontreal.com\/2017\/11\/30\/hausse-des-taux-et-resserrement-des-regles--doit-on-avoir-paniquer-avec-multi-prets-hypotheque-pret-hypothecaire-financement\" target=\"_blank\" rel=\"noopener\">hausse des taux et resserrement des r\u00e8gles<\/a>.<\/p>\n<p><em>Le Figaro<\/em> remarque que <a href=\"http:\/\/leparticulier.lefigaro.fr\/jcms\/p1_1704214\/immobilier-la-consommation-energetique-devient-un-critere-important\" target=\"_blank\" rel=\"noopener\">la consommation \u00e9nerg\u00e9tique devient un crit\u00e8re important<\/a>.<\/p>\n<p><em>BFMTV<\/em> propose des topos sur <a href=\"http:\/\/bfmbusiness.bfmtv.com\/votre-argent\/video-immobilier-a-paris-voici-la-rue-la-plus-chere-du-6e-arrondissement-1321600.html\" target=\"_blank\" rel=\"noopener\">la rue la plus ch\u00e8re du 6<sup>e<\/sup>\u00a0arrondissement,<\/a> la <a href=\"http:\/\/bfmbusiness.bfmtv.com\/votre-argent\/video-immobilier-a-paris-voici-la-rue-la-plus-chere-du-5e-arrondissement-1320934.html\" target=\"_blank\" rel=\"noopener\">rue la plus ch\u00e8re du 5<sup>e\u00a0<\/sup>arrondissement<\/a>, et <a href=\"http:\/\/bfmbusiness.bfmtv.com\/votre-argent\/video-immobilier-voici-les-10-rues-les-plus-cheres-de-paris-1317093.html\" target=\"_blank\" rel=\"noopener\">les 10\u00a0rues les plus ch\u00e8res de Paris<\/a>.<\/p>\n<p>Comme ici! Le blogue <em>MySweet\u2019Immo<\/em> constate que <a href=\"http:\/\/www.mysweetimmo.com\/2017\/12\/07\/francais-privilegient-toujours-limmobilier\/\" target=\"_blank\" rel=\"noopener\">les Fran\u00e7ais privil\u00e9gient toujours l\u2019immobilier<\/a>.<\/p>\n<p><em>Maddyness<\/em> se demande si la <a href=\"https:\/\/www.maddyness.com\/entrepreneurs\/2017\/12\/06\/tribune-proptech-immobilier\/\" target=\"_blank\" rel=\"noopener\">PropTech peut r\u00e9inventer notre relation \u00e0 l\u2019immobilier<\/a>.<\/p>\n<p><em>Le Soleil<\/em> discute de <a href=\"https:\/\/www.lesoleil.com\/maison\/wework--la-startup-a-20-milliards-entre-coolitude-et-empire-immobilier-7507362866ee3aeb639aedc2e8bf8a00\" target=\"_blank\" rel=\"noopener\">WeWork, la startup entre \u00ab\u00a0coolitude\u00a0\u00bb et empire immobilier<\/a>; tandis que <em>l\u2019Opinion<\/em> estime que <a href=\"https:\/\/www.lopinion.fr\/edition\/economie\/immobilier-coworking-bien-plus-qu-mode-raison-d-etre-139229\" target=\"_blank\" rel=\"noopener\">le \u00ab\u00a0coworking\u00a0\u00bb est bien plus qu\u2019une mode<\/a>.<\/p>\n<p>Occasion d\u2019achat? <em>Bilan<\/em>, magazine Suisse, trouve que <a href=\"http:\/\/www.bilan.ch\/luxe-plus-de-redaction\/stations-suisses-penalisees-franc-fort\" target=\"_blank\" rel=\"noopener\">les stations suisses sont p\u00e9nalis\u00e9es par le franc fort<\/a>.<\/p>\n","protected":false},"excerpt":{"rendered":"<p>Les Saveurs de la semaine sont votre source hebdomadaire de nouvelles et de reportages sur l\u2019immobilier qui auraient pu vous \u00e9chapper.\u00a0Notre \u00e9quipe des Saveurs de la semaine s\u2019acharne \u00e0 parcourir le Web \u00e0 la recherche de reportages obscurs, bizarres, int\u00e9ressants et informatifs sur l\u2019immobilier ou des sujets connexes. Si vous d\u00e9sirez en contribuer un, veuillez &hellip; <a href=\"https:\/\/archive.cafe.crea.ca\/fr\/saveurs-de-la-semaine-le-8-decembre-2017\/\" class=\"more-link\">Continue reading <span class=\"screen-reader-text\">Saveurs de la semaine : le 8 d\u00e9cembre 2017<\/span><\/a><\/p>\n","protected":false},"author":74,"featured_media":27064,"comment_status":"open","ping_status":"open","sticky":false,"template":"","format":"standard","meta":{"footnotes":""},"categories":[2372],"tags":[],"coauthors":[],"class_list":["post-30609","post","type-post","status-publish","format-standard","has-post-thumbnail","hentry","category-divers"],"aioseo_notices":[],"_links":{"self":[{"href":"https:\/\/archive.cafe.crea.ca\/fr\/wp-json\/wp\/v2\/posts\/30609"}],"collection":[{"href":"https:\/\/archive.cafe.crea.ca\/fr\/wp-json\/wp\/v2\/posts"}],"about":[{"href":"https:\/\/archive.cafe.crea.ca\/fr\/wp-json\/wp\/v2\/types\/post"}],"author":[{"embeddable":true,"href":"https:\/\/archive.cafe.crea.ca\/fr\/wp-json\/wp\/v2\/users\/74"}],"replies":[{"embeddable":true,"href":"https:\/\/archive.cafe.crea.ca\/fr\/wp-json\/wp\/v2\/comments?post=30609"}],"version-history":[{"count":0,"href":"https:\/\/archive.cafe.crea.ca\/fr\/wp-json\/wp\/v2\/posts\/30609\/revisions"}],"wp:featuredmedia":[{"embeddable":true,"href":"https:\/\/archive.cafe.crea.ca\/fr\/wp-json\/wp\/v2\/media\/27064"}],"wp:attachment":[{"href":"https:\/\/archive.cafe.crea.ca\/fr\/wp-json\/wp\/v2\/media?parent=30609"}],"wp:term":[{"taxonomy":"category","embeddable":true,"href":"https:\/\/archive.cafe.crea.ca\/fr\/wp-json\/wp\/v2\/categories?post=30609"},{"taxonomy":"post_tag","embeddable":true,"href":"https:\/\/archive.cafe.crea.ca\/fr\/wp-json\/wp\/v2\/tags?post=30609"},{"taxonomy":"author","embeddable":true,"href":"https:\/\/archive.cafe.crea.ca\/fr\/wp-json\/wp\/v2\/coauthors?post=30609"}],"curies":[{"name":"wp","href":"https:\/\/api.w.org\/{rel}","templated":true}]}}