{"id":30607,"date":"2017-12-14T08:34:24","date_gmt":"2017-12-14T13:34:24","guid":{"rendered":"https:\/\/archive.cafe.crea.ca\/gary-simonsen-le-dernier-mot\/"},"modified":"2017-12-14T08:34:24","modified_gmt":"2017-12-14T13:34:24","slug":"gary-simonsen-le-dernier-mot","status":"publish","type":"post","link":"https:\/\/archive.cafe.crea.ca\/fr\/gary-simonsen-le-dernier-mot\/","title":{"rendered":"Gary Simonsen : Le dernier mot"},"content":{"rendered":"<p>J\u2019avoue que le titre peut porter \u00e0 confusion; on pourrait en effet penser que personne d\u2019autre ne pourra plus jamais s\u2019exprimer, ce qui n\u2019est absolument pas le cas. Ce sera simplement MON dernier mot en tant que chef de la direction de l\u2019ACI. Maintenant que tout a \u00e9t\u00e9 \u00e9clairci, voici mes derni\u00e8res r\u00e9flexions.<\/p>\n<p>Permettez-moi de commencer en disant que j\u2019ai eu le privil\u00e8ge et la chance d\u2019\u00e9voluer au sein d\u2019une profession qui satisfait un besoin fondamental, celui d\u2019aider les gens \u00e0 trouver un abri, qu\u2019il soit modeste ou somptueux, et qui fournit ce service. Qu\u2019il s\u2019agisse d\u2019accession \u00e0 la propri\u00e9t\u00e9 ou de l\u2019acquisition d\u2019une propri\u00e9t\u00e9 r\u00e9cr\u00e9ative ou commerciale, notre r\u00f4le consiste \u00e0 aider les clients \u00e0 r\u00e9aliser leurs r\u00eaves et leurs aspirations sur le plan de l\u2019immobilier. G\u00e9nial!<\/p>\n<p>Au cours du dernier si\u00e8cle, par l\u2019entremise des chambres locales, des associations provinciales et de l\u2019ACI, la communaut\u00e9 immobili\u00e8re a mis en place un syst\u00e8me collaboratif efficace qui fait l\u2019envie des professionnels de l\u2019immobilier et des pays du reste du monde. Les syst\u00e8mes MLS<sup>\u00ae<\/sup>, REALTOR.ca, la formation et la d\u00e9fense des int\u00e9r\u00eats comptent parmi les r\u00e9ussites collectives que nous pouvons et devrions souligner. Nous oublions trop facilement nos r\u00e9alisations et les efforts qu\u2019elles ont n\u00e9cessit\u00e9s.<\/p>\n<p>Cela ne veut pas dire pour autant que nous devions nous asseoir sur nos lauriers et tenir nos r\u00e9ussites pour acquises. Au contraire, nous devons le faire pour concentrer notre attention sur ce qui est important\u00a0: ce qui se passe \u00e0 l\u2019ext\u00e9rieur de notre profession.<\/p>\n<p>Les perturbations technologiques, l\u2019acc\u00e8s aux renseignements immobiliers, les cons\u00e9quences de la r\u00e9glementation impos\u00e9e par tous les ordres de gouvernement, les m\u00e9dias sociaux, l\u2019abordabilit\u00e9 du logement et les tendances \u00ab\u00a0libre-service\u00a0\u00bb des consommateurs, pour ne nommer que celles-l\u00e0, ont eu une influence consid\u00e9rable sur la communaut\u00e9 immobili\u00e8re. Cette influence, perturbatrice ou autre, continuera de se faire sentir.<\/p>\n<p>Nous oublions trop souvent de porter attention \u00e0 ces d\u00e9fis et difficult\u00e9s externes. Nous pr\u00e9f\u00e9rons plut\u00f4t consacrer notre \u00e9nergie aux plaintes et aux griefs internes relativement \u00e0 qui fait quoi, qui a fait quoi et qui est ma\u00eetre de quoi. Ce penchant que nous avons pour chigner et nous plaindre \u00e0 propos des pacotilles ou des tactiques repr\u00e9sente l\u2019un des risques les plus importants qui nous guettent. En effet, cette grogne devient une distraction attrayante, qui transforme les r\u00e9unions en guerres de clocher et les participants en g\u00e9rants d\u2019estrade plut\u00f4t que de favoriser la vigilance et l\u2019\u00e9laboration de strat\u00e9gies visant \u00e0 assurer la r\u00e9ussite et la viabilit\u00e9 des courtiers et agents membres de l\u2019ACI.<\/p>\n<p>Il est tr\u00e8s facile de se plaindre. Que pouvons-nous faire pour y rem\u00e9dier? Comment pouvons-nous \u00e9lever nos responsabilit\u00e9s collectives en mati\u00e8re de gouvernance pour faire en sorte de cibler les questions strat\u00e9giques et les sujets qui importent le plus pour assurer l\u2019avenir de la profession?<\/p>\n<p>Voici ce que je propose\u00a0: cr\u00e9ons une plateforme strat\u00e9gique commune qui rejoint toutes les r\u00e9gions et tous les membres. Ensuite, l\u2019ACI, les associations provinciales et les chambres locales pourront mettre en \u0153uvre des plans et des priorit\u00e9s qui leur sont propres, et qui viendront appuyer un ensemble d\u2019objectifs globaux. Ainsi, on pourrait mieux harmoniser, pr\u00e9ciser les r\u00f4les et favoriser une distribution plus efficace des ressources. Le plus important dans tout cela? Y parvenir tout en concentrant nos ressources et nos efforts sur les enjeux qui influeront le plus sur les courtiers et agents membres de l\u2019ACI.<\/p>\n<p>Enfin, je mets au d\u00e9fi le leadership collectif de la communaut\u00e9 immobili\u00e8re \u2013 tant le personnel que les b\u00e9n\u00e9voles \u2013 de faire cause commune pour redonner aux enjeux importants la place qui leur revient. Faites des int\u00e9r\u00eats des membres votre plus grande priorit\u00e9. Vous vous assurerez ainsi que le si\u00e8cle \u00e0 venir procurera autant de succ\u00e8s \u00e0 la communaut\u00e9 immobili\u00e8re que le pr\u00e9c\u00e9dent.<\/p>\n<p><em>Au nom de la communaut\u00e9 immobili\u00e8re, nous remercions Gary pour son engagement, sa gouverne et sa gentillesse. \u00c0 votre prochain chapitre!<\/em><\/p>\n","protected":false},"excerpt":{"rendered":"<p>J\u2019avoue que le titre peut porter \u00e0 confusion; on pourrait en effet penser que personne d\u2019autre ne pourra plus jamais s\u2019exprimer, ce qui n\u2019est absolument pas le cas. Ce sera simplement MON dernier mot en tant que chef de la direction de l\u2019ACI. Maintenant que tout a \u00e9t\u00e9 \u00e9clairci, voici mes derni\u00e8res r\u00e9flexions. Permettez-moi de &hellip; <a href=\"https:\/\/archive.cafe.crea.ca\/fr\/gary-simonsen-le-dernier-mot\/\" class=\"more-link\">Continue reading <span class=\"screen-reader-text\">Gary Simonsen : Le dernier mot<\/span><\/a><\/p>\n","protected":false},"author":8,"featured_media":27060,"comment_status":"open","ping_status":"open","sticky":false,"template":"","format":"standard","meta":{"footnotes":""},"categories":[2372],"tags":[],"coauthors":[],"class_list":["post-30607","post","type-post","status-publish","format-standard","has-post-thumbnail","hentry","category-divers"],"aioseo_notices":[],"_links":{"self":[{"href":"https:\/\/archive.cafe.crea.ca\/fr\/wp-json\/wp\/v2\/posts\/30607"}],"collection":[{"href":"https:\/\/archive.cafe.crea.ca\/fr\/wp-json\/wp\/v2\/posts"}],"about":[{"href":"https:\/\/archive.cafe.crea.ca\/fr\/wp-json\/wp\/v2\/types\/post"}],"author":[{"embeddable":true,"href":"https:\/\/archive.cafe.crea.ca\/fr\/wp-json\/wp\/v2\/users\/8"}],"replies":[{"embeddable":true,"href":"https:\/\/archive.cafe.crea.ca\/fr\/wp-json\/wp\/v2\/comments?post=30607"}],"version-history":[{"count":0,"href":"https:\/\/archive.cafe.crea.ca\/fr\/wp-json\/wp\/v2\/posts\/30607\/revisions"}],"wp:featuredmedia":[{"embeddable":true,"href":"https:\/\/archive.cafe.crea.ca\/fr\/wp-json\/wp\/v2\/media\/27060"}],"wp:attachment":[{"href":"https:\/\/archive.cafe.crea.ca\/fr\/wp-json\/wp\/v2\/media?parent=30607"}],"wp:term":[{"taxonomy":"category","embeddable":true,"href":"https:\/\/archive.cafe.crea.ca\/fr\/wp-json\/wp\/v2\/categories?post=30607"},{"taxonomy":"post_tag","embeddable":true,"href":"https:\/\/archive.cafe.crea.ca\/fr\/wp-json\/wp\/v2\/tags?post=30607"},{"taxonomy":"author","embeddable":true,"href":"https:\/\/archive.cafe.crea.ca\/fr\/wp-json\/wp\/v2\/coauthors?post=30607"}],"curies":[{"name":"wp","href":"https:\/\/api.w.org\/{rel}","templated":true}]}}