{"id":30603,"date":"2017-12-22T13:18:14","date_gmt":"2017-12-22T18:18:14","guid":{"rendered":"https:\/\/archive.cafe.crea.ca\/saveurs-de-la-semaine-le-22-decembre-2017\/"},"modified":"2017-12-22T13:18:14","modified_gmt":"2017-12-22T18:18:14","slug":"saveurs-de-la-semaine-le-22-decembre-2017","status":"publish","type":"post","link":"https:\/\/archive.cafe.crea.ca\/fr\/saveurs-de-la-semaine-le-22-decembre-2017\/","title":{"rendered":"Saveurs de la semaine : le 22 d\u00e9cembre 2017"},"content":{"rendered":"<p><em>Les Saveurs de la semaine sont votre source hebdomadaire de nouvelles et de reportages sur l\u2019immobilier qui auraient pu vous \u00e9chapper.<\/em><em>\u00a0Notre \u00e9quipe des Saveurs de la semaine s\u2019acharne \u00e0 parcourir le Web \u00e0 la recherche de reportages obscurs, bizarres, int\u00e9ressants et informatifs sur l\u2019immobilier ou des sujets connexes. Si vous d\u00e9sirez en contribuer un, veuillez l\u2019afficher \u00e0 notre section r\u00e9serv\u00e9e aux commentaires ou gazouiller sur le reportage en utilisant le mot-clic\u00a0<strong>#Saveursdelasemaine<\/strong>. Faites-vous couler une bonne tasse de caf\u00e9 frais, savourez ces reportages\u2026 et faites-en peut-\u00eatre m\u00eame part \u00e0 vos amis et coll\u00e8gues. Bonne lecture!<\/em><\/p>\n<p><strong>Voici mes choix de la semaine\u00a0:<\/strong><\/p>\n<p>Les conseils de la semaine\u00a0: <a href=\"https:\/\/www.lesoleil.com\/maison\/a-vos-places-8fd6f3cae3be1ba66870cb7b4cd6adb7\" target=\"_blank\" rel=\"noopener\">\u00e0 vos places<\/a>; <a href=\"https:\/\/www.lesoleil.com\/maison\/complicite-et-art-de-la-table-99f7c6c30792eaf4b3a896dad27ecda9\" target=\"_blank\" rel=\"noopener\">complicit\u00e9 et art de la table<\/a>; <a href=\"https:\/\/www.lesoleil.com\/maison\/sublimer-le-feu-639b2c85ac86885355ca933bace4f551\" target=\"_blank\" rel=\"noopener\">sublimer le feu<\/a>; <a href=\"http:\/\/www.lapresse.ca\/maison\/decoration\/amenagement\/201712\/20\/01-5147805-chaleureux-bois-de-grange.php\" target=\"_blank\" rel=\"noopener\">chaleureux bois de grange<\/a>; <a href=\"http:\/\/www.lapresse.ca\/maison\/immobilier\/conseils\/201712\/18\/01-5147515-comment-choisir-la-bonne-souffleuse.php\" target=\"_blank\" rel=\"noopener\">comment choisir la bonne souffleuse<\/a>; le <a href=\"http:\/\/www.lapresse.ca\/maison\/decoration\/carnet-dadresses\/201712\/20\/01-5147889-le-mysterieux-appart-de-damask-dentelle.php\" target=\"_blank\" rel=\"noopener\">myst\u00e9rieux appart de Damask et Dentelle<\/a>;le <a href=\"http:\/\/www.journaldemontreal.com\/2017\/12\/08\/pour-mieux-gerer-le-casse-tete-hypothecaire-en-tant-que-travailleur-autonome-avec-multi-prets-hypotheque-financement-emprunt\" target=\"_blank\" rel=\"noopener\">casse-t\u00eate hypoth\u00e9caire du travailleur autonome<\/a>.<\/p>\n<p>Saviez-vous que <a href=\"http:\/\/www.journaldemontreal.com\/2017\/12\/15\/lex-ministre-jean-bienvenue-na-rien-a-voir-avec-la-taxe-de-bienvenue\" target=\"_blank\" rel=\"noopener\">la \u00ab\u00a0taxe de bienvenue\u00a0\u00bb n\u2019a rien \u00e0 voir avec l\u2019ex-ministre Jean Bienvenue<\/a>?<\/p>\n<p><em>Le Monde<\/em> constate qu\u2019en <a href=\"http:\/\/www.lemonde.fr\/argent\/article\/2017\/12\/20\/immobilier-les-etrangers-representent-6-des-ventes_5232268_1657007.html\" target=\"_blank\" rel=\"noopener\">France, les \u00e9trangers repr\u00e9sentent 6\u00a0% des ventes<\/a>.<\/p>\n<p><a href=\"http:\/\/immobilier.lefigaro.fr\/article\/immobilier-savez-vous-ce-qu-est-le-schtroumpfage-_e7e65ff4-df5a-11e7-8f22-1d2b9fba54f0\/\" target=\"_blank\" rel=\"noopener\">Savez-vous ce qu\u2019est le \u00ab\u00a0schtroumpfage\u00a0\u00bb<\/a> en immobilier?<\/p>\n<p><em>Immobilier 2.0<\/em> comprend qu\u2019<a href=\"https:\/\/immo2.pro\/tendances-immobilier\/immobilier-renovation-menage-exploiter-reno-argument-marketing\/\" target=\"_blank\" rel=\"noopener\">immobilier et r\u00e9novation font bon m\u00e9nage<\/a>, et demande <a href=\"https:\/\/immo2.pro\/tendances-immobilier\/place-professionnels-de-limmobilier-marche-de-location-courte-duree-rent-2017\/\" target=\"_blank\" rel=\"noopener\">quelle place occupent les professionnels sur le march\u00e9 de la location de courte dur\u00e9e<\/a>.<\/p>\n<p><em>Le Figaro<\/em> estime qu\u2019\u00e0 <a href=\"http:\/\/immobilier.lefigaro.fr\/article\/a-londres-le-brexit-ralentit-le-marche-de-l-immobilier_673a1c98-de82-11e7-9511-98d62490889b\/\" target=\"_blank\" rel=\"noopener\">Londres, le Brexit ralentit le march\u00e9 de l\u2019immobilier<\/a>.<\/p>\n<p><em>La Vie Immo<\/em> tente de d\u00e9couvrir <a href=\"https:\/\/www.lavieimmo.com\/insolite\/qui-est-le-mysterieux-acquereur-de-la-demeure-la-plus-chere-du-monde-41324.html\" target=\"_blank\" rel=\"noopener\">qui est le myst\u00e9rieux acqu\u00e9reur de la demeure la plus ch\u00e8re du monde<\/a>.<\/p>\n<p>Joyeuses f\u00eates, et \u00e0 2018!<\/p>\n","protected":false},"excerpt":{"rendered":"<p>Les Saveurs de la semaine sont votre source hebdomadaire de nouvelles et de reportages sur l\u2019immobilier qui auraient pu vous \u00e9chapper.\u00a0Notre \u00e9quipe des Saveurs de la semaine s\u2019acharne \u00e0 parcourir le Web \u00e0 la recherche de reportages obscurs, bizarres, int\u00e9ressants et informatifs sur l\u2019immobilier ou des sujets connexes. Si vous d\u00e9sirez en contribuer un, veuillez &hellip; <a href=\"https:\/\/archive.cafe.crea.ca\/fr\/saveurs-de-la-semaine-le-22-decembre-2017\/\" class=\"more-link\">Continue reading <span class=\"screen-reader-text\">Saveurs de la semaine : le 22 d\u00e9cembre 2017<\/span><\/a><\/p>\n","protected":false},"author":74,"featured_media":27052,"comment_status":"open","ping_status":"open","sticky":false,"template":"","format":"standard","meta":{"footnotes":""},"categories":[2372],"tags":[],"coauthors":[],"class_list":["post-30603","post","type-post","status-publish","format-standard","has-post-thumbnail","hentry","category-divers"],"aioseo_notices":[],"_links":{"self":[{"href":"https:\/\/archive.cafe.crea.ca\/fr\/wp-json\/wp\/v2\/posts\/30603"}],"collection":[{"href":"https:\/\/archive.cafe.crea.ca\/fr\/wp-json\/wp\/v2\/posts"}],"about":[{"href":"https:\/\/archive.cafe.crea.ca\/fr\/wp-json\/wp\/v2\/types\/post"}],"author":[{"embeddable":true,"href":"https:\/\/archive.cafe.crea.ca\/fr\/wp-json\/wp\/v2\/users\/74"}],"replies":[{"embeddable":true,"href":"https:\/\/archive.cafe.crea.ca\/fr\/wp-json\/wp\/v2\/comments?post=30603"}],"version-history":[{"count":0,"href":"https:\/\/archive.cafe.crea.ca\/fr\/wp-json\/wp\/v2\/posts\/30603\/revisions"}],"wp:featuredmedia":[{"embeddable":true,"href":"https:\/\/archive.cafe.crea.ca\/fr\/wp-json\/wp\/v2\/media\/27052"}],"wp:attachment":[{"href":"https:\/\/archive.cafe.crea.ca\/fr\/wp-json\/wp\/v2\/media?parent=30603"}],"wp:term":[{"taxonomy":"category","embeddable":true,"href":"https:\/\/archive.cafe.crea.ca\/fr\/wp-json\/wp\/v2\/categories?post=30603"},{"taxonomy":"post_tag","embeddable":true,"href":"https:\/\/archive.cafe.crea.ca\/fr\/wp-json\/wp\/v2\/tags?post=30603"},{"taxonomy":"author","embeddable":true,"href":"https:\/\/archive.cafe.crea.ca\/fr\/wp-json\/wp\/v2\/coauthors?post=30603"}],"curies":[{"name":"wp","href":"https:\/\/api.w.org\/{rel}","templated":true}]}}