{"id":30599,"date":"2018-01-12T14:43:15","date_gmt":"2018-01-12T19:43:15","guid":{"rendered":"https:\/\/archive.cafe.crea.ca\/saveurs-de-la-semaine-le-12-janvier-2018\/"},"modified":"2021-03-25T10:57:00","modified_gmt":"2021-03-25T14:57:00","slug":"saveurs-de-la-semaine-le-12-janvier-2018","status":"publish","type":"post","link":"https:\/\/archive.cafe.crea.ca\/fr\/saveurs-de-la-semaine-le-12-janvier-2018\/","title":{"rendered":"Saveurs de la semaine : le 12 janvier 2018"},"content":{"rendered":"<p><em>Les Saveurs de la semaine sont votre source hebdomadaire de nouvelles et de reportages sur l\u2019immobilier qui auraient pu vous \u00e9chapper.<\/em><em>\u00a0Notre \u00e9quipe des Saveurs de la semaine s\u2019acharne \u00e0 parcourir le Web \u00e0 la recherche de reportages obscurs, bizarres, int\u00e9ressants et informatifs sur l\u2019immobilier ou des sujets connexes. Si vous d\u00e9sirez en contribuer un, veuillez l\u2019afficher \u00e0 notre section r\u00e9serv\u00e9e aux commentaires ou gazouiller sur le reportage en utilisant le mot-clic\u00a0<strong>#Saveursdelasemaine<\/strong>. Faites-vous couler une bonne tasse de caf\u00e9 frais, savourez ces reportages\u2026 et faites-en peut-\u00eatre m\u00eame part \u00e0 vos amis et coll\u00e8gues. Bonne lecture!<\/em><\/p>\n<p><strong>Voici mes choix de la semaine\u00a0:<\/strong><\/p>\n<p>Les conseils de la semaine\u00a0: <a href=\"https:\/\/www.lesoleil.com\/maison\/tendances-2018-joli-motif-ikat-de6ec2abacf2b580598a6bfff49a5272\" target=\"_blank\" rel=\"noopener noreferrer\">joli motif ikat<\/a>; <a href=\"https:\/\/www.lesoleil.com\/maison\/tendances-2018-poufs-cameleons-50fb4287360d5b70e9530e3f5d15399a\" target=\"_blank\" rel=\"noopener noreferrer\">poufs cam\u00e9l\u00e9ons<\/a>; <a href=\"https:\/\/www.lesoleil.com\/maison\/tendances-2018-luminaires-colores-et-a-la-carte-0cc6fb376fc4b3fba720a39be497c597\" target=\"_blank\" rel=\"noopener noreferrer\">luminaires color\u00e9s et \u00e0 la carte<\/a>; un <a href=\"https:\/\/www.lesoleil.com\/maison\/tendances-2018-un-herbier-en-janvier-05000bff958ffe09634aa7595ecc9a23\" target=\"_blank\" rel=\"noopener noreferrer\">herbier en janvier<\/a>; <a href=\"http:\/\/www.lapresse.ca\/maison\/decoration\/amenagement\/201801\/08\/01-5149246-salle-a-manger-bien-choisir-ses-sieges.php\" target=\"_blank\" rel=\"noopener noreferrer\">bien choisir ses si\u00e8ges pour la salle \u00e0 manger<\/a>;<\/p>\n<p>Dans <em>Les Affaires<\/em>, Daniel Germain estime que <a href=\"https:\/\/www.lesaffaires.com\/blogues\/daniel-germain\/immobilier-la-patience-commence-a-couter-cher\/599771\" target=\"_blank\" rel=\"noopener noreferrer\">la patience commence \u00e0 co\u00fbter cher<\/a>, alors que Joanie Fontaine a vu <a href=\"http:\/\/www.lesaffaires.com\/blogues\/joanie-fontaine\/immobilier--moins-cles-sous-la-porte-2017\/599681\" target=\"_blank\" rel=\"noopener noreferrer\">moins de cl\u00e9s sous la porte en 2017<\/a>.<\/p>\n<p><em>Les \u00c9chos<\/em>\u00a0propose un topo sur <a href=\"https:\/\/www.lesechos.fr\/finance-marches\/banque-assurances\/0301133693190-wiseed-veut-aller-au-dela-des-start-up-et-de-limmobilier-2144107.php\" target=\"_blank\" rel=\"noopener noreferrer\">Wiseed, qui veut aller au-del\u00e0 des startups de l\u2019immobilier<\/a>, ainsi que sur <a href=\"https:\/\/patrimoine.lesechos.fr\/immobilier\/residence-principale-et-secondaire\/0301123714532-immobilier-decouvrez-les-encheres-inversees-2144158.php\" target=\"_blank\" rel=\"noopener noreferrer\">les ench\u00e8res invers\u00e9es<\/a>.<\/p>\n<p><em>Empruntis<\/em> r\u00e9v\u00e8le qu\u2019en France, <a href=\"https:\/\/www.empruntis.com\/financement\/actualites\/immobilier-plus-dun-locataire-sur-deux-envisage-de-devenir-proprietaire-en-20,8392\" target=\"_blank\" rel=\"noopener noreferrer\">plus d\u2019un locataire sur deux envisage de devenir propri\u00e9taire<\/a>.<\/p>\n<p><em>La Vie Immo<\/em> discute des <a href=\"https:\/\/www.lavieimmo.com\/avis-experts\/intelligence-artificielle-et-immobilier-quelles-synergies-41480.html\" target=\"_blank\" rel=\"noopener noreferrer\">synergies entre l\u2019intelligence artificielle et l\u2019immobilier<\/a>.<\/p>\n<p>Bonne semaine!<\/p>\n","protected":false},"excerpt":{"rendered":"<p>Les Saveurs de la semaine sont votre source hebdomadaire de nouvelles et de reportages sur l\u2019immobilier qui auraient pu vous \u00e9chapper.\u00a0Notre \u00e9quipe des Saveurs de la semaine s\u2019acharne \u00e0 parcourir le Web \u00e0 la recherche de reportages obscurs, bizarres, int\u00e9ressants et informatifs sur l\u2019immobilier ou des sujets connexes. Si vous d\u00e9sirez en contribuer un, veuillez &hellip; <a href=\"https:\/\/archive.cafe.crea.ca\/fr\/saveurs-de-la-semaine-le-12-janvier-2018\/\" class=\"more-link\">Continue reading <span class=\"screen-reader-text\">Saveurs de la semaine : le 12 janvier 2018<\/span><\/a><\/p>\n","protected":false},"author":74,"featured_media":27044,"comment_status":"open","ping_status":"open","sticky":false,"template":"","format":"standard","meta":{"footnotes":""},"categories":[2372],"tags":[],"coauthors":[2164],"class_list":["post-30599","post","type-post","status-publish","format-standard","has-post-thumbnail","hentry","category-divers"],"aioseo_notices":[],"_links":{"self":[{"href":"https:\/\/archive.cafe.crea.ca\/fr\/wp-json\/wp\/v2\/posts\/30599"}],"collection":[{"href":"https:\/\/archive.cafe.crea.ca\/fr\/wp-json\/wp\/v2\/posts"}],"about":[{"href":"https:\/\/archive.cafe.crea.ca\/fr\/wp-json\/wp\/v2\/types\/post"}],"author":[{"embeddable":true,"href":"https:\/\/archive.cafe.crea.ca\/fr\/wp-json\/wp\/v2\/users\/74"}],"replies":[{"embeddable":true,"href":"https:\/\/archive.cafe.crea.ca\/fr\/wp-json\/wp\/v2\/comments?post=30599"}],"version-history":[{"count":1,"href":"https:\/\/archive.cafe.crea.ca\/fr\/wp-json\/wp\/v2\/posts\/30599\/revisions"}],"predecessor-version":[{"id":37392,"href":"https:\/\/archive.cafe.crea.ca\/fr\/wp-json\/wp\/v2\/posts\/30599\/revisions\/37392"}],"wp:featuredmedia":[{"embeddable":true,"href":"https:\/\/archive.cafe.crea.ca\/fr\/wp-json\/wp\/v2\/media\/27044"}],"wp:attachment":[{"href":"https:\/\/archive.cafe.crea.ca\/fr\/wp-json\/wp\/v2\/media?parent=30599"}],"wp:term":[{"taxonomy":"category","embeddable":true,"href":"https:\/\/archive.cafe.crea.ca\/fr\/wp-json\/wp\/v2\/categories?post=30599"},{"taxonomy":"post_tag","embeddable":true,"href":"https:\/\/archive.cafe.crea.ca\/fr\/wp-json\/wp\/v2\/tags?post=30599"},{"taxonomy":"author","embeddable":true,"href":"https:\/\/archive.cafe.crea.ca\/fr\/wp-json\/wp\/v2\/coauthors?post=30599"}],"curies":[{"name":"wp","href":"https:\/\/api.w.org\/{rel}","templated":true}]}}