{"id":30598,"date":"2018-01-18T08:45:07","date_gmt":"2018-01-18T13:45:07","guid":{"rendered":"https:\/\/archive.cafe.crea.ca\/retrospective-de-lannee-victoire-de-la-defense-des-interets-des-membres-de-laci-et-des-canadiens\/"},"modified":"2018-01-18T08:45:07","modified_gmt":"2018-01-18T13:45:07","slug":"retrospective-de-lannee-victoire-de-la-defense-des-interets-des-membres-de-laci-et-des-canadiens","status":"publish","type":"post","link":"https:\/\/archive.cafe.crea.ca\/fr\/retrospective-de-lannee-victoire-de-la-defense-des-interets-des-membres-de-laci-et-des-canadiens\/","title":{"rendered":"R\u00e9trospective de l\u2019ann\u00e9e  : victoire de la d\u00e9fense des int\u00e9r\u00eats des membres de l\u2019ACI et des Canadiens"},"content":{"rendered":"<p><em>Tant sur le plan personnel que professionnel, janvier est un moment propice \u00e0 la r\u00e9flexion. Il peut se passer beaucoup de choses en 12\u00a0mois, et nous savons qu\u2019il est parfois difficile de rester au fait de tout ce qui se passe \u00e0 l\u2019ACI. Au cours des prochaines semaines, nous reviendrons sur les faits saillants de l\u2019ann\u00e9e derni\u00e8re dans le monde de l\u2019immobilier canadien. Si vous d\u00e9sirez y ajouter, n\u2019h\u00e9sitez pas \u00e0 le faire dans l\u2019espace r\u00e9serv\u00e9 aux commentaires ci-dessous.<\/em><\/p>\n<p>\u00c9v\u00e9nements, r\u00e9unions, consultations et travail de d\u00e9fense des int\u00e9r\u00eats des membres de l\u2019ACI, des propri\u00e9taires-vendeurs et des acheteurs de maison\u2026 L\u2019ann\u00e9e\u00a02017 a \u00e9t\u00e9 particuli\u00e8rement charg\u00e9e pour l\u2019\u00e9quipe des affaires f\u00e9d\u00e9rales de l\u2019ACI. Bien qu\u2019il soit difficile de tout mentionner, voici quelques faits saillants des 12\u00a0derniers mois.<\/p>\n<ul>\n<li>Dans le cadre de l\u2019\u00e9tude du Comit\u00e9 permanent des finances (FINA) sur le march\u00e9 immobilier et l\u2019accession \u00e0 la propri\u00e9t\u00e9 au Canada, nous avons pr\u00e9sent\u00e9 un m\u00e9moire sur l\u2019importance de pr\u00e9server l\u2019abordabilit\u00e9 et l\u2019accessibilit\u00e9 \u00e0 la propri\u00e9t\u00e9 pour tous les Canadiens.<\/li>\n<\/ul>\n<ul>\n<li>Gr\u00e2ce \u00e0 nos efforts de d\u00e9fense des int\u00e9r\u00eats, le ministre des Finances, Bill Morneau, a ajust\u00e9 les modifications propos\u00e9es quant \u00e0 l\u2019imposition des soci\u00e9t\u00e9s priv\u00e9es, ce qui aidera les courtiers et agents immobiliers membres et les propri\u00e9taires de petites entreprisses \u00e0 travers le pays.<\/li>\n<\/ul>\n<ul>\n<li>En 2017, pour cr\u00e9er une publication destin\u00e9e \u00e0 pr\u00e9senter les tenants et aboutissants de la maison \u00e9co\u00e9nerg\u00e9tique. <em>L\u2019efficacit\u00e9 \u00e9nerg\u00e9tique\u00a0: Guide du propri\u00e9taire<\/em> pr\u00e9sente des astuces pour accro\u00eetre le rendement \u00e9nerg\u00e9tique de votre maison ainsi qu\u2019un guide pratique sur les cotes \u00e9nerg\u00e9tiques des habitations.<\/li>\n<\/ul>\n<p><img loading=\"lazy\" decoding=\"async\" class=\"alignnone size-full wp-image-19009\" src=\"https:\/\/www.crea.ca\/wp-content\/uploads\/2017\/09\/6472_NRCan_EnerGuide_House_Illustration_FR_NEW_890.jpg\" alt=\"Green-energy home.\" width=\"890\" height=\"561\" srcset=\"https:\/\/archive.cafe.crea.ca\/wp-content\/uploads\/2017\/09\/6472_NRCan_EnerGuide_House_Illustration_FR_NEW_890.jpg 890w, https:\/\/archive.cafe.crea.ca\/wp-content\/uploads\/2017\/09\/6472_NRCan_EnerGuide_House_Illustration_FR_NEW_890-768x484.jpg 768w\" sizes=\"(max-width: 890px) 100vw, 890px\" \/><\/p>\n<ul>\n<li>Avec 205\u00a0r\u00e9unions organis\u00e9es entre les repr\u00e9sentants du CAP et les d\u00e9put\u00e9s sur une p\u00e9riode de deux\u00a0jours, <a href=\"https:\/\/www.crea.ca\/fr\/cafe\/its-going-to-be-pac-ed-on-parliament-hill\/\" target=\"_blank\" rel=\"noopener\">l&rsquo;\u00e9dition 2017 des Journ\u00e9es du CAP<\/a> a \u00e9t\u00e9 la plus r\u00e9ussie jusqu\u2019\u00e0 ce jour. En octobre dernier, les membres de l\u2019ACI ont converg\u00e9 vers Ottawa afin de rencontrer le d\u00e9put\u00e9 de leur circonscription et de pr\u00f4ner des changements positifs pour les propri\u00e9taires de maison.<\/li>\n<\/ul>\n<p><img loading=\"lazy\" decoding=\"async\" class=\"alignnone size-full wp-image-19386\" src=\"https:\/\/www.crea.ca\/wp-content\/uploads\/2017\/11\/PACDays-Infographic-FR.jpg\" alt=\"PAC Days graphic in french.\" width=\"890\" height=\"1446\" srcset=\"https:\/\/archive.cafe.crea.ca\/wp-content\/uploads\/2017\/11\/PACDays-Infographic-FR.jpg 890w, https:\/\/archive.cafe.crea.ca\/wp-content\/uploads\/2017\/11\/PACDays-Infographic-FR-768x1248.jpg 768w\" sizes=\"(max-width: 890px) 100vw, 890px\" \/><\/p>\n<p>Nous envisageons 2018 avec optimisme et nous savons que ces jalons n\u2019auraient pu \u00eatre pos\u00e9s sans le travail ardu et le d\u00e9vouement des repr\u00e9sentants de notre comit\u00e9 d\u2019action politique (CAP), des participants au R\u00e9seau d\u2019action immobilier, des chambres et associations immobili\u00e8res et de leur \u00e9quipe de d\u00e9fense des int\u00e9r\u00eats. Merci!<\/p>\n<p>Pour en savoir plus sur nos activit\u00e9s actuelles en mati\u00e8re d\u2019affaires f\u00e9d\u00e9rales, visitez le\u00a0<a href=\"https:\/\/www.crea.ca\/fr\/federal-affairs\/creas-governmental-efforts\/\" target=\"_blank\" rel=\"noopener\">R\u00e9seau d\u2019action immobilier<\/a>.<\/p>\n","protected":false},"excerpt":{"rendered":"<p>Tant sur le plan personnel que professionnel, janvier est un moment propice \u00e0 la r\u00e9flexion. Il peut se passer beaucoup de choses en 12\u00a0mois, et nous savons qu\u2019il est parfois difficile de rester au fait de tout ce qui se passe \u00e0 l\u2019ACI. Au cours des prochaines semaines, nous reviendrons sur les faits saillants de &hellip; <a href=\"https:\/\/archive.cafe.crea.ca\/fr\/retrospective-de-lannee-victoire-de-la-defense-des-interets-des-membres-de-laci-et-des-canadiens\/\" class=\"more-link\">Continue reading <span class=\"screen-reader-text\">R\u00e9trospective de l\u2019ann\u00e9e  : victoire de la d\u00e9fense des int\u00e9r\u00eats des membres de l\u2019ACI et des Canadiens<\/span><\/a><\/p>\n","protected":false},"author":102,"featured_media":27042,"comment_status":"open","ping_status":"open","sticky":false,"template":"","format":"standard","meta":{"footnotes":""},"categories":[2369],"tags":[],"coauthors":[],"class_list":["post-30598","post","type-post","status-publish","format-standard","has-post-thumbnail","hentry","category-defense-des-interets"],"aioseo_notices":[],"_links":{"self":[{"href":"https:\/\/archive.cafe.crea.ca\/fr\/wp-json\/wp\/v2\/posts\/30598"}],"collection":[{"href":"https:\/\/archive.cafe.crea.ca\/fr\/wp-json\/wp\/v2\/posts"}],"about":[{"href":"https:\/\/archive.cafe.crea.ca\/fr\/wp-json\/wp\/v2\/types\/post"}],"author":[{"embeddable":true,"href":"https:\/\/archive.cafe.crea.ca\/fr\/wp-json\/wp\/v2\/users\/102"}],"replies":[{"embeddable":true,"href":"https:\/\/archive.cafe.crea.ca\/fr\/wp-json\/wp\/v2\/comments?post=30598"}],"version-history":[{"count":0,"href":"https:\/\/archive.cafe.crea.ca\/fr\/wp-json\/wp\/v2\/posts\/30598\/revisions"}],"wp:featuredmedia":[{"embeddable":true,"href":"https:\/\/archive.cafe.crea.ca\/fr\/wp-json\/wp\/v2\/media\/27042"}],"wp:attachment":[{"href":"https:\/\/archive.cafe.crea.ca\/fr\/wp-json\/wp\/v2\/media?parent=30598"}],"wp:term":[{"taxonomy":"category","embeddable":true,"href":"https:\/\/archive.cafe.crea.ca\/fr\/wp-json\/wp\/v2\/categories?post=30598"},{"taxonomy":"post_tag","embeddable":true,"href":"https:\/\/archive.cafe.crea.ca\/fr\/wp-json\/wp\/v2\/tags?post=30598"},{"taxonomy":"author","embeddable":true,"href":"https:\/\/archive.cafe.crea.ca\/fr\/wp-json\/wp\/v2\/coauthors?post=30598"}],"curies":[{"name":"wp","href":"https:\/\/api.w.org\/{rel}","templated":true}]}}