{"id":30597,"date":"2018-01-19T13:28:56","date_gmt":"2018-01-19T18:28:56","guid":{"rendered":"https:\/\/archive.cafe.crea.ca\/saveurs-de-la-semaine-le-19-janvier-2018\/"},"modified":"2018-01-19T13:28:56","modified_gmt":"2018-01-19T18:28:56","slug":"saveurs-de-la-semaine-le-19-janvier-2018","status":"publish","type":"post","link":"https:\/\/archive.cafe.crea.ca\/fr\/saveurs-de-la-semaine-le-19-janvier-2018\/","title":{"rendered":"Saveurs de la semaine : le 19 janvier 2018"},"content":{"rendered":"<p><em>Les Saveurs de la semaine sont votre source hebdomadaire de nouvelles et de reportages sur l\u2019immobilier qui auraient pu vous \u00e9chapper.<\/em><em>\u00a0Notre \u00e9quipe des Saveurs de la semaine s\u2019acharne \u00e0 parcourir le Web \u00e0 la recherche de reportages obscurs, bizarres, int\u00e9ressants et informatifs sur l\u2019immobilier ou des sujets connexes. Si vous d\u00e9sirez en contribuer un, veuillez l\u2019afficher \u00e0 notre section r\u00e9serv\u00e9e aux commentaires ou gazouiller sur le reportage en utilisant le mot-clic\u00a0<strong>#Saveursdelasemaine<\/strong>. Faites-vous couler une bonne tasse de caf\u00e9 frais, savourez ces reportages\u2026 et faites-en peut-\u00eatre m\u00eame part \u00e0 vos amis et coll\u00e8gues. Bonne lecture!<\/em><\/p>\n<p><strong>Voici mes choix de la semaine\u00a0:<\/strong><\/p>\n<p>Les conseils de la semaine\u00a0: <a href=\"http:\/\/www.lapresse.ca\/maison\/decoration\/201801\/18\/01-5150503-rideaux-habiller-ses-fenetres-sans-se-tromper.php\" target=\"_blank\" rel=\"noopener\">rideaux, habiller ses fen\u00eatres sans se tromper<\/a>; <a href=\"http:\/\/www.lapresse.ca\/maison\/decoration\/201801\/17\/01-5150331-rideaux-pratiques-et-esthetiques.php\" target=\"_blank\" rel=\"noopener\">rideaux, pratiques et esth\u00e9tiques<\/a>; <a href=\"http:\/\/www.lapresse.ca\/maison\/decoration\/carnet-dadresses\/201801\/15\/01-5150043-reconfort-de-janvier.php?utm_categorieinterne=trafficdrivers&amp;utm_contenuinterne=cyberpresse_B13b_decoration_320591_section_POS3\" target=\"_blank\" rel=\"noopener\">r\u00e9confort de janvier<\/a>; <a href=\"http:\/\/www.journaldemontreal.com\/2018\/01\/11\/les-objets-technos-du-futur-bientot-disponibles-chez-vous\" target=\"_blank\" rel=\"noopener\">objets technos du futur bient\u00f4t chez vous<\/a>; <a href=\"http:\/\/www.journaldemontreal.com\/2018\/01\/14\/des-thermostats-intelligents-wi-fi-pour-votre-maison\" target=\"_blank\" rel=\"noopener\">thermostats intelligents Wi-Fi<\/a>.<\/p>\n<p>Dans <em>Les Affaires<\/em>, Joannie Fontaine remarque que <a href=\"http:\/\/www.lesaffaires.com\/blogues\/joanie-fontaine\/immobilier-annee-2017-termine-force\/599871\" target=\"_blank\" rel=\"noopener\">l\u2019ann\u00e9e 2017 se termine en force<\/a> tandis que Daniel Germain se demande <a href=\"http:\/\/www.lesaffaires.com\/blogues\/daniel-germain\/perd-on-a-utiliser-le-rap\/599887\" target=\"_blank\" rel=\"noopener\">si on perd \u00e0 utiliser le RAP<\/a>.<\/p>\n<p><em>Le Monde<\/em> estime qu\u2019il y a <a href=\"http:\/\/www.lemonde.fr\/argent\/article\/2018\/01\/18\/un-effet-macron-sur-l-immobilier-de-luxe_5243693_1657007.html\" target=\"_blank\" rel=\"noopener\">un \u00ab\u00a0effet Macron\u00a0\u00bb sur l\u2019immobilier de luxe fran\u00e7ais<\/a>.<\/p>\n<p><em>Se Loger<\/em> constate que <a href=\"http:\/\/edito.seloger.com\/actualites\/france\/56-des-locataires-souhaitent-devenir-proprietaires-en-2018-article-23820.html\" target=\"_blank\" rel=\"noopener\">56 % des locataires en France souhaitent devenir propri\u00e9taires en 2018<\/a>.<\/p>\n<p><em>BFMTV <\/em>rapporte que <a href=\"http:\/\/bfmbusiness.bfmtv.com\/votre-argent\/ce-celebre-immeuble-panier-a-finalement-trouve-preneur-1346396.html\" target=\"_blank\" rel=\"noopener\">ce c\u00e9l\u00e8bre immeuble panier a finalement trouv\u00e9 preneur<\/a>.<\/p>\n","protected":false},"excerpt":{"rendered":"<p>Les Saveurs de la semaine sont votre source hebdomadaire de nouvelles et de reportages sur l\u2019immobilier qui auraient pu vous \u00e9chapper.\u00a0Notre \u00e9quipe des Saveurs de la semaine s\u2019acharne \u00e0 parcourir le Web \u00e0 la recherche de reportages obscurs, bizarres, int\u00e9ressants et informatifs sur l\u2019immobilier ou des sujets connexes. Si vous d\u00e9sirez en contribuer un, veuillez &hellip; <a href=\"https:\/\/archive.cafe.crea.ca\/fr\/saveurs-de-la-semaine-le-19-janvier-2018\/\" class=\"more-link\">Continue reading <span class=\"screen-reader-text\">Saveurs de la semaine : le 19 janvier 2018<\/span><\/a><\/p>\n","protected":false},"author":74,"featured_media":27040,"comment_status":"open","ping_status":"open","sticky":false,"template":"","format":"standard","meta":{"footnotes":""},"categories":[2372],"tags":[],"coauthors":[],"class_list":["post-30597","post","type-post","status-publish","format-standard","has-post-thumbnail","hentry","category-divers"],"aioseo_notices":[],"_links":{"self":[{"href":"https:\/\/archive.cafe.crea.ca\/fr\/wp-json\/wp\/v2\/posts\/30597"}],"collection":[{"href":"https:\/\/archive.cafe.crea.ca\/fr\/wp-json\/wp\/v2\/posts"}],"about":[{"href":"https:\/\/archive.cafe.crea.ca\/fr\/wp-json\/wp\/v2\/types\/post"}],"author":[{"embeddable":true,"href":"https:\/\/archive.cafe.crea.ca\/fr\/wp-json\/wp\/v2\/users\/74"}],"replies":[{"embeddable":true,"href":"https:\/\/archive.cafe.crea.ca\/fr\/wp-json\/wp\/v2\/comments?post=30597"}],"version-history":[{"count":0,"href":"https:\/\/archive.cafe.crea.ca\/fr\/wp-json\/wp\/v2\/posts\/30597\/revisions"}],"wp:featuredmedia":[{"embeddable":true,"href":"https:\/\/archive.cafe.crea.ca\/fr\/wp-json\/wp\/v2\/media\/27040"}],"wp:attachment":[{"href":"https:\/\/archive.cafe.crea.ca\/fr\/wp-json\/wp\/v2\/media?parent=30597"}],"wp:term":[{"taxonomy":"category","embeddable":true,"href":"https:\/\/archive.cafe.crea.ca\/fr\/wp-json\/wp\/v2\/categories?post=30597"},{"taxonomy":"post_tag","embeddable":true,"href":"https:\/\/archive.cafe.crea.ca\/fr\/wp-json\/wp\/v2\/tags?post=30597"},{"taxonomy":"author","embeddable":true,"href":"https:\/\/archive.cafe.crea.ca\/fr\/wp-json\/wp\/v2\/coauthors?post=30597"}],"curies":[{"name":"wp","href":"https:\/\/api.w.org\/{rel}","templated":true}]}}