{"id":30588,"date":"2018-02-16T13:05:23","date_gmt":"2018-02-16T18:05:23","guid":{"rendered":"https:\/\/archive.cafe.crea.ca\/saveurs-de-la-semaine-le-16-fevrier-2018\/"},"modified":"2018-02-16T13:05:23","modified_gmt":"2018-02-16T18:05:23","slug":"saveurs-de-la-semaine-le-16-fevrier-2018","status":"publish","type":"post","link":"https:\/\/archive.cafe.crea.ca\/fr\/saveurs-de-la-semaine-le-16-fevrier-2018\/","title":{"rendered":"Saveurs de la semaine : le 16 f\u00e9vrier 2018"},"content":{"rendered":"<p><em>Les Saveurs de la semaine sont votre source hebdomadaire de nouvelles et de reportages sur l\u2019immobilier qui auraient pu vous \u00e9chapper.<\/em><em>\u00a0Notre \u00e9quipe des Saveurs de la semaine s\u2019acharne \u00e0 parcourir le Web \u00e0 la recherche de reportages obscurs, bizarres, int\u00e9ressants et informatifs sur l\u2019immobilier ou des sujets connexes. Si vous d\u00e9sirez en contribuer un, veuillez l\u2019afficher \u00e0 notre section r\u00e9serv\u00e9e aux commentaires ou gazouiller sur le reportage en utilisant le mot-clic\u00a0<strong>#Saveursdelasemaine<\/strong>. Faites-vous couler une bonne tasse de caf\u00e9 frais, savourez ces reportages\u2026 et faites-en peut-\u00eatre m\u00eame part \u00e0 vos amis et coll\u00e8gues. Bonne lecture!<\/em><\/p>\n<p><strong>Voici mes choix de la semaine\u00a0:<\/strong><\/p>\n<p>Les conseils de la semaine\u00a0: <a href=\"http:\/\/www.lapresse.ca\/maison\/decoration\/amenagement\/201802\/14\/01-5153834-precieux-eclairage.php\" target=\"_blank\" rel=\"noopener\">pr\u00e9cieux \u00e9clairage<\/a>; <a href=\"http:\/\/www.lapresse.ca\/maison\/immobilier\/conseils\/201802\/13\/01-5153667-acheter-un-reve-ou-un-cauchemar.php\" target=\"_blank\" rel=\"noopener\">acheter un r\u00eave ou un cauchemar<\/a>; <a href=\"https:\/\/www.lesoleil.com\/maison\/ode-au-corps-b80128f644ee6153233cd6b166997ac8\" target=\"_blank\" rel=\"noopener\">ode au corps<\/a> et <a href=\"http:\/\/www.lapresse.ca\/maison\/renovation\/201802\/15\/01-5153971-renovations-depense-ou-investissement.php\" target=\"_blank\" rel=\"noopener\">r\u00e9novations, d\u00e9pense ou investissement<\/a>.<\/p>\n<p>Daniel\u00a0Germain des <em>Affaires<\/em> consid\u00e8re <a href=\"http:\/\/www.lesaffaires.com\/blogues\/daniel-germain\/le-pot-prochain-bad-trip-des-syndicats-de-condo\/600524\" target=\"_blank\" rel=\"noopener\">le cannabis comme le prochain \u00ab\u2009bad trip\u2009\u00bb des syndicats de condo<\/a>.<\/p>\n<p>Le blogue <em>MySweetImmo<\/em> constate que <a href=\"http:\/\/www.mysweetimmo.com\/2018\/02\/14\/hommes-plus-optimistes-femmes-concernant-projet-immobilier\/\" target=\"_blank\" rel=\"noopener\">les hommes sont plus optimistes que les femmes concernant leur projet immobilier<\/a>.<\/p>\n<p><em>Les Echos<\/em> discute du <a href=\"https:\/\/www.lesechos.fr\/idees-debats\/editos-analyses\/0301288644914-le-co-living-en-passe-de-devenir-un-produit-immobilier-2153586.php\" target=\"_blank\" rel=\"noopener\">ph\u00e9nom\u00e8ne du \u00ab\u2009co-living\u2009\u00bb<\/a> et demande ce qui arriverait <a href=\"https:\/\/www.lesechos.fr\/idees-debats\/editos-analyses\/0301285663634-et-si-limmobilier-grimpait-pendant-des-decennies-2152906.php\" target=\"_blank\" rel=\"noopener\">si l\u2019immobilier grimpait pendant des d\u00e9cennies<\/a>.<\/p>\n<p><em>BFMTV<\/em> estime que les jeunes entreprises de <a href=\"https:\/\/www.lavieimmo.com\/divers-immobilier\/les-start-up-de-l-immobilier-ont-la-cote-aupres-des-fonds-d-investissement-41860.html\" target=\"_blank\" rel=\"noopener\">l\u2019immobilier ont la cote aupr\u00e8s des fonds d\u2019investissement<\/a>.<\/p>\n<p><em>Le Parisien<\/em> tente de d\u00e9couvrir <a href=\"http:\/\/www.leparisien.fr\/grand-paris\/immobilier-decouvrez-l-impact-du-futur-supermetro-sur-les-prix-au-m-pres-de-chez-vous-12-02-2018-7555878.php\" target=\"_blank\" rel=\"noopener\">l\u2019impact du futur superm\u00e9tro de Paris sur les prix au m\u00b2 pr\u00e8s de chez vous<\/a>.<\/p>\n<p><em>Business Insider France<\/em> pr\u00e9sente <a href=\"http:\/\/www.businessinsider.fr\/classement-villes-europeennes-ou-les-prix-immobiliers-augmentent-le-plus-vite\/\" target=\"_blank\" rel=\"noopener\">les sept villes europ\u00e9ennes o\u00f9 les prix de l\u2019immobilier augmentent le plus vite<\/a>.<\/p>\n<p>L\u2019occasion de la semaine\u00a0: <em>L\u2019Est R\u00e9publicain<\/em> propose une <a href=\"https:\/\/www.estrepublicain.fr\/insolite\/2018\/02\/14\/mykonos-cette-villa-de-reve-peut-etre-a-vous-pour-seulement-40\" target=\"_blank\" rel=\"noopener\">villa de r\u00eave \u00e0 Mykonos qui peut \u00eatre \u00e0 vous pour seulement\u2026 40\u00a0\u20ac<\/a>.<\/p>\n","protected":false},"excerpt":{"rendered":"<p>Les Saveurs de la semaine sont votre source hebdomadaire de nouvelles et de reportages sur l\u2019immobilier qui auraient pu vous \u00e9chapper.\u00a0Notre \u00e9quipe des Saveurs de la semaine s\u2019acharne \u00e0 parcourir le Web \u00e0 la recherche de reportages obscurs, bizarres, int\u00e9ressants et informatifs sur l\u2019immobilier ou des sujets connexes. Si vous d\u00e9sirez en contribuer un, veuillez &hellip; <a href=\"https:\/\/archive.cafe.crea.ca\/fr\/saveurs-de-la-semaine-le-16-fevrier-2018\/\" class=\"more-link\">Continue reading <span class=\"screen-reader-text\">Saveurs de la semaine : le 16 f\u00e9vrier 2018<\/span><\/a><\/p>\n","protected":false},"author":74,"featured_media":27023,"comment_status":"open","ping_status":"open","sticky":false,"template":"","format":"standard","meta":{"footnotes":""},"categories":[2372],"tags":[],"coauthors":[],"class_list":["post-30588","post","type-post","status-publish","format-standard","has-post-thumbnail","hentry","category-divers"],"aioseo_notices":[],"_links":{"self":[{"href":"https:\/\/archive.cafe.crea.ca\/fr\/wp-json\/wp\/v2\/posts\/30588"}],"collection":[{"href":"https:\/\/archive.cafe.crea.ca\/fr\/wp-json\/wp\/v2\/posts"}],"about":[{"href":"https:\/\/archive.cafe.crea.ca\/fr\/wp-json\/wp\/v2\/types\/post"}],"author":[{"embeddable":true,"href":"https:\/\/archive.cafe.crea.ca\/fr\/wp-json\/wp\/v2\/users\/74"}],"replies":[{"embeddable":true,"href":"https:\/\/archive.cafe.crea.ca\/fr\/wp-json\/wp\/v2\/comments?post=30588"}],"version-history":[{"count":0,"href":"https:\/\/archive.cafe.crea.ca\/fr\/wp-json\/wp\/v2\/posts\/30588\/revisions"}],"wp:featuredmedia":[{"embeddable":true,"href":"https:\/\/archive.cafe.crea.ca\/fr\/wp-json\/wp\/v2\/media\/27023"}],"wp:attachment":[{"href":"https:\/\/archive.cafe.crea.ca\/fr\/wp-json\/wp\/v2\/media?parent=30588"}],"wp:term":[{"taxonomy":"category","embeddable":true,"href":"https:\/\/archive.cafe.crea.ca\/fr\/wp-json\/wp\/v2\/categories?post=30588"},{"taxonomy":"post_tag","embeddable":true,"href":"https:\/\/archive.cafe.crea.ca\/fr\/wp-json\/wp\/v2\/tags?post=30588"},{"taxonomy":"author","embeddable":true,"href":"https:\/\/archive.cafe.crea.ca\/fr\/wp-json\/wp\/v2\/coauthors?post=30588"}],"curies":[{"name":"wp","href":"https:\/\/api.w.org\/{rel}","templated":true}]}}