{"id":30586,"date":"2018-02-23T13:26:45","date_gmt":"2018-02-23T18:26:45","guid":{"rendered":"https:\/\/archive.cafe.crea.ca\/saveurs-de-la-semaine-le-23-fevrier-2018\/"},"modified":"2018-02-23T13:26:45","modified_gmt":"2018-02-23T18:26:45","slug":"saveurs-de-la-semaine-le-23-fevrier-2018","status":"publish","type":"post","link":"https:\/\/archive.cafe.crea.ca\/fr\/saveurs-de-la-semaine-le-23-fevrier-2018\/","title":{"rendered":"Saveurs de la semaine : le 23 f\u00e9vrier 2018"},"content":{"rendered":"<p><em>Les Saveurs de la semaine sont votre source hebdomadaire de nouvelles et de reportages sur l\u2019immobilier qui auraient pu vous \u00e9chapper.<\/em><em>\u00a0Notre \u00e9quipe des Saveurs de la semaine s\u2019acharne \u00e0 parcourir le Web \u00e0 la recherche de reportages obscurs, bizarres, int\u00e9ressants et informatifs sur l\u2019immobilier ou des sujets connexes. Si vous d\u00e9sirez en contribuer un, veuillez l\u2019afficher \u00e0 notre section r\u00e9serv\u00e9e aux commentaires ou gazouiller sur le reportage en utilisant le mot-clic\u00a0<strong>#Saveursdelasemaine<\/strong>. Faites-vous couler une bonne tasse de caf\u00e9 frais, savourez ces reportages\u2026 et faites-en peut-\u00eatre m\u00eame part \u00e0 vos amis et coll\u00e8gues. Bonne lecture!<\/em><\/p>\n<p><strong>Voici mes choix de la semaine\u00a0:<\/strong><\/p>\n<p>Les conseils de la semaine\u00a0:\u00a0<a href=\"http:\/\/www.lapresse.ca\/maison\/renovation\/201802\/21\/01-5154702-partir-du-bon-pied.php?utm_categorieinterne=trafficdrivers&amp;utm_contenuinterne=cyberpresse_B4_renovation_2641776_section_POS1\" target=\"_blank\" rel=\"noopener\">Partir du bon pied<\/a>; <a href=\"https:\/\/www.lesoleil.com\/maison\/leche-vitrine-lannee-du-chien-adef50eed29b8ce70678d8301a6bc262\" target=\"_blank\" rel=\"noopener\">l\u00e8che-vitrine: l&rsquo;ann\u00e9e du Chien<\/a> et <a href=\"http:\/\/www.lapresse.ca\/maison\/immobilier\/201802\/16\/01-5154163-les-preteurs-prives-font-de-bonnes-affaires.php?utm_categorieinterne=trafficdrivers&amp;utm_contenuinterne=cyberpresse_B4_immobilier_2641768_section_POS4\" target=\"_blank\" rel=\"noopener\">les pr\u00eateurs priv\u00e9s font de bonnes affaires<\/a>.<\/p>\n<p>As tu entendu et <a href=\"https:\/\/www.lesoleil.com\/maison\/la-chaise-uf-a-60-ans-2af003376af5391ead75fd4ea6faea55\" target=\"_blank\" rel=\"noopener\">la c\u00e9l\u00e8bre chaise \u0153uf a 60 ans<\/a> ?<\/p>\n<p>Daniel\u00a0Germain des\u00a0<em>Affaires<\/em>\u00a0<a href=\"http:\/\/www.lesaffaires.com\/blogues\/daniel-germain\/condo-le-gouvernement-dhyper-proximite\/600706\" target=\"_blank\" rel=\"noopener\">consid\u00e8re\u00a0condo: le gouvernement d\u2019hyper proximit\u00e9.<\/a><\/p>\n<p>Le blogue\u00a0<em>MySweetImmo<\/em><em> rapports<\/em> <a href=\"http:\/\/www.mysweetimmo.com\/2018\/02\/18\/eva-longoria-met-vente-maison-de-beverly-hills-14-millions-de-dollars\/\" target=\"_blank\" rel=\"noopener\">Eva Longoria met en vente sa maison de Beverly Hills 14 millions de dollars<\/a>.<\/p>\n<p><em>BFMTV<\/em>\u00a0demande <a href=\"https:\/\/www.lavieimmo.com\/insolite\/pourquoi-personne-ne-veut-acheter-cette-ile-privee-malgre-son-prix-brade-41886.html\" target=\"_blank\" rel=\"noopener\">pourquoi personne ne veut acheter cette \u00eele priv\u00e9e malgr\u00e9 son prix brad\u00e9<\/a>.<\/p>\n<p><em>Le Journal de Montr\u00e9al<\/em> \u00e9tudier <a href=\"http:\/\/www.journaldemontreal.com\/2018\/02\/21\/le-marche-immobilier-affecte-par-les-milleniaux\" target=\"_blank\" rel=\"noopener\">pourquoi le march\u00e9 immobilier affect\u00e9 par les mill\u00e9niaux<\/a>.<\/p>\n<p><em>Sud ouest<\/em> d\u00e9couvre pourquoi <a href=\"http:\/\/www.sudouest.fr\/2018\/02\/21\/immobilier-c-est-a-bordeaux-que-les-prix-ont-le-plus-flambe-en-une-annee-4219961-4689.php\" target=\"_blank\" rel=\"noopener\">immobilier\u00a0: c\u2019est \u00e0 Bordeaux que les prix ont le plus flamb\u00e9 en une ann\u00e9e<\/a>.<\/p>\n<p>Pourquoi les <a href=\"https:\/\/www.lesoleil.com\/maison\/les-eglises-au-secours-dinternet-au-royaume-uni-71413f91472ce5c2b1bc1caac086d256\" target=\"_blank\" rel=\"noopener\">\u00e9glises au secours d&rsquo;Internet au Royaume-Uni<\/a> ?<\/p>\n<p><em>Le Vif<\/em> <a href=\"http:\/\/trends.levif.be\/economie\/immo\/l-immobilier-ca-rapporte-plus-que-la-bourse\/article-normal-799667.html\" target=\"_blank\" rel=\"noopener\">\u00e9tudie l&rsquo;immobilier, \u00e7a rapporte plus que la bourse<\/a> !<\/p>\n","protected":false},"excerpt":{"rendered":"<p>Les Saveurs de la semaine sont votre source hebdomadaire de nouvelles et de reportages sur l\u2019immobilier qui auraient pu vous \u00e9chapper.\u00a0Notre \u00e9quipe des Saveurs de la semaine s\u2019acharne \u00e0 parcourir le Web \u00e0 la recherche de reportages obscurs, bizarres, int\u00e9ressants et informatifs sur l\u2019immobilier ou des sujets connexes. Si vous d\u00e9sirez en contribuer un, veuillez &hellip; <a href=\"https:\/\/archive.cafe.crea.ca\/fr\/saveurs-de-la-semaine-le-23-fevrier-2018\/\" class=\"more-link\">Continue reading <span class=\"screen-reader-text\">Saveurs de la semaine : le 23 f\u00e9vrier 2018<\/span><\/a><\/p>\n","protected":false},"author":74,"featured_media":27019,"comment_status":"open","ping_status":"open","sticky":false,"template":"","format":"standard","meta":{"footnotes":""},"categories":[2372],"tags":[],"coauthors":[],"class_list":["post-30586","post","type-post","status-publish","format-standard","has-post-thumbnail","hentry","category-divers"],"aioseo_notices":[],"_links":{"self":[{"href":"https:\/\/archive.cafe.crea.ca\/fr\/wp-json\/wp\/v2\/posts\/30586"}],"collection":[{"href":"https:\/\/archive.cafe.crea.ca\/fr\/wp-json\/wp\/v2\/posts"}],"about":[{"href":"https:\/\/archive.cafe.crea.ca\/fr\/wp-json\/wp\/v2\/types\/post"}],"author":[{"embeddable":true,"href":"https:\/\/archive.cafe.crea.ca\/fr\/wp-json\/wp\/v2\/users\/74"}],"replies":[{"embeddable":true,"href":"https:\/\/archive.cafe.crea.ca\/fr\/wp-json\/wp\/v2\/comments?post=30586"}],"version-history":[{"count":0,"href":"https:\/\/archive.cafe.crea.ca\/fr\/wp-json\/wp\/v2\/posts\/30586\/revisions"}],"wp:featuredmedia":[{"embeddable":true,"href":"https:\/\/archive.cafe.crea.ca\/fr\/wp-json\/wp\/v2\/media\/27019"}],"wp:attachment":[{"href":"https:\/\/archive.cafe.crea.ca\/fr\/wp-json\/wp\/v2\/media?parent=30586"}],"wp:term":[{"taxonomy":"category","embeddable":true,"href":"https:\/\/archive.cafe.crea.ca\/fr\/wp-json\/wp\/v2\/categories?post=30586"},{"taxonomy":"post_tag","embeddable":true,"href":"https:\/\/archive.cafe.crea.ca\/fr\/wp-json\/wp\/v2\/tags?post=30586"},{"taxonomy":"author","embeddable":true,"href":"https:\/\/archive.cafe.crea.ca\/fr\/wp-json\/wp\/v2\/coauthors?post=30586"}],"curies":[{"name":"wp","href":"https:\/\/api.w.org\/{rel}","templated":true}]}}