{"id":30574,"date":"2018-04-05T10:52:11","date_gmt":"2018-04-05T14:52:11","guid":{"rendered":"https:\/\/archive.cafe.crea.ca\/laci-fete-son-75e-un-retour-dans-le-temps\/"},"modified":"2018-04-05T10:52:11","modified_gmt":"2018-04-05T14:52:11","slug":"laci-fete-son-75e-un-retour-dans-le-temps","status":"publish","type":"post","link":"https:\/\/archive.cafe.crea.ca\/fr\/laci-fete-son-75e-un-retour-dans-le-temps\/","title":{"rendered":"L\u2019ACI f\u00eate son 75e : un retour dans le temps"},"content":{"rendered":"<p>Nous sommes en 1943. Le Canada a seulement 75\u00a0ans. On y fait flotter le Red Ensign. Terre-Neuve-et-Labrador n\u2019a pas fait son entr\u00e9e dans la Conf\u00e9d\u00e9ration. Elizabeth\u00a0II est encore princesse. Notre pays est en guerre.<\/p>\n<p>En cette p\u00e9riode de turbulence, les dirigeants du secteur immobilier canadien craignent que le gouvernement f\u00e9d\u00e9ral maintienne en permanence certaines mesures de guerre telles la r\u00e9glementation des loyers et d\u2019autres r\u00e8gles ayant trait au droit de propri\u00e9t\u00e9. Ils d\u00e9cident de cr\u00e9er une organisation d\u2019envergure nationale pour avoir une incidence sur la planification d\u2019apr\u00e8s-guerre du gouvernement f\u00e9d\u00e9ral. C\u2019est ainsi que na\u00eet la Canadian Association of Real Estate Boards (CAREB), qui devient l\u2019Association canadienne de l\u2019immeuble en 1971.<\/p>\n<p>La premi\u00e8re constitution de la CAREB est r\u00e9dig\u00e9e \u00e0 l\u2019h\u00f4tel Royal York, \u00e0 Toronto, le 2\u00a0mars\u00a01943, avec la participation de la Real Estate Board of Victoria, du Vancouver Real Estate Exchange, de l\u2019Edmonton Real Estate Association, de la Winnipeg Real Estate Board, de la chambre immobili\u00e8re de Montr\u00e9al et de 11\u00a0autres chambres immobili\u00e8res de l\u2019Ontario. Le fondateur de la CAREB, Charles Edward Purnell, d\u00e9crit l\u2019\u00e9v\u00e9nement comme \u00e9tant une occasion r\u00e9ellement \u00e9difiante, la r\u00e9alisation d\u2019un r\u00eave entretenu depuis de nombreuses ann\u00e9es.<\/p>\n<p>Soixante-quinze ans plus tard, la vision de Prunell se poursuit. Pour c\u00e9l\u00e9brer, revoyons quelques jalons que l\u2019ACI a franchis au cours des trois derniers quarts de si\u00e8cle (vraiment, quelques-uns parmi les nombreux).<\/p>\n<p><a href=\"https:\/\/www.crea.ca\/wp-content\/uploads\/2018\/04\/CREA-75_new_FR_optimized.pdf\" target=\"_blank\" rel=\"noopener\"><img loading=\"lazy\" decoding=\"async\" class=\"alignnone wp-image-20156 size-full\" src=\"https:\/\/www.crea.ca\/wp-content\/uploads\/2018\/04\/CREA75_MIlestone-FRENCH-2.jpg\" alt=\"French milestones.\" width=\"890\" height=\"3749\" srcset=\"https:\/\/archive.cafe.crea.ca\/wp-content\/uploads\/2018\/04\/CREA75_MIlestone-FRENCH-2.jpg 890w, https:\/\/archive.cafe.crea.ca\/wp-content\/uploads\/2018\/04\/CREA75_MIlestone-FRENCH-2-768x3235.jpg 768w\" sizes=\"(max-width: 890px) 100vw, 890px\" \/><\/a><\/p>\n<p>Maintenant, en 2018, l\u2019ACI, l\u2019une des plus grandes associations commerciales \u00e0 vocation unique du Canada, se fait le porte-parole de plus de 124\u00a0000\u00a0courtiers et agents immobiliers relevant de plus de 100\u00a0chambres et associations immobili\u00e8res aux quatre coins du pays. Son personnel de plus de 100\u00a0professionnels est engag\u00e9 \u00e0\u00a0: travailler \u00e0 la promotion des int\u00e9r\u00eats des courtiers et agents membres; fournir des normes et des services qui rehaussent le professionnalisme et la r\u00e9ussite de membres; promouvoir des politiques qui promeuvent un secteur immobilier dynamique et durable, y compris les droits \u00e0 la propri\u00e9t\u00e9. Nous sommes impatients de continuer \u00e0 le faire au cours des 75\u00a0prochaines ann\u00e9es!<\/p>\n<p>Selon vous, \u00e0 quoi ressemblera le monde immobilier en 2093? Faites-nous part de vos id\u00e9es dans la section r\u00e9serv\u00e9e aux commentaires ci-dessous.<\/p>\n","protected":false},"excerpt":{"rendered":"<p>Nous sommes en 1943. Le Canada a seulement 75\u00a0ans. On y fait flotter le Red Ensign. Terre-Neuve-et-Labrador n\u2019a pas fait son entr\u00e9e dans la Conf\u00e9d\u00e9ration. Elizabeth\u00a0II est encore princesse. Notre pays est en guerre. En cette p\u00e9riode de turbulence, les dirigeants du secteur immobilier canadien craignent que le gouvernement f\u00e9d\u00e9ral maintienne en permanence certaines mesures &hellip; <a href=\"https:\/\/archive.cafe.crea.ca\/fr\/laci-fete-son-75e-un-retour-dans-le-temps\/\" class=\"more-link\">Continue reading <span class=\"screen-reader-text\">L\u2019ACI f\u00eate son 75e : un retour dans le temps<\/span><\/a><\/p>\n","protected":false},"author":3,"featured_media":26997,"comment_status":"open","ping_status":"open","sticky":false,"template":"","format":"standard","meta":{"footnotes":""},"categories":[2366],"tags":[],"coauthors":[],"class_list":["post-30574","post","type-post","status-publish","format-standard","has-post-thumbnail","hentry","category-nouvelles-de-laci"],"aioseo_notices":[],"_links":{"self":[{"href":"https:\/\/archive.cafe.crea.ca\/fr\/wp-json\/wp\/v2\/posts\/30574"}],"collection":[{"href":"https:\/\/archive.cafe.crea.ca\/fr\/wp-json\/wp\/v2\/posts"}],"about":[{"href":"https:\/\/archive.cafe.crea.ca\/fr\/wp-json\/wp\/v2\/types\/post"}],"author":[{"embeddable":true,"href":"https:\/\/archive.cafe.crea.ca\/fr\/wp-json\/wp\/v2\/users\/3"}],"replies":[{"embeddable":true,"href":"https:\/\/archive.cafe.crea.ca\/fr\/wp-json\/wp\/v2\/comments?post=30574"}],"version-history":[{"count":0,"href":"https:\/\/archive.cafe.crea.ca\/fr\/wp-json\/wp\/v2\/posts\/30574\/revisions"}],"wp:featuredmedia":[{"embeddable":true,"href":"https:\/\/archive.cafe.crea.ca\/fr\/wp-json\/wp\/v2\/media\/26997"}],"wp:attachment":[{"href":"https:\/\/archive.cafe.crea.ca\/fr\/wp-json\/wp\/v2\/media?parent=30574"}],"wp:term":[{"taxonomy":"category","embeddable":true,"href":"https:\/\/archive.cafe.crea.ca\/fr\/wp-json\/wp\/v2\/categories?post=30574"},{"taxonomy":"post_tag","embeddable":true,"href":"https:\/\/archive.cafe.crea.ca\/fr\/wp-json\/wp\/v2\/tags?post=30574"},{"taxonomy":"author","embeddable":true,"href":"https:\/\/archive.cafe.crea.ca\/fr\/wp-json\/wp\/v2\/coauthors?post=30574"}],"curies":[{"name":"wp","href":"https:\/\/api.w.org\/{rel}","templated":true}]}}