{"id":30558,"date":"2018-05-24T08:26:43","date_gmt":"2018-05-24T12:26:43","guid":{"rendered":"https:\/\/archive.cafe.crea.ca\/realtors-care-des-membres-de-laci-recueillent-plus-de-26-500-pour-humboldtstrong\/"},"modified":"2018-05-24T08:26:43","modified_gmt":"2018-05-24T12:26:43","slug":"realtors-care-des-membres-de-laci-recueillent-plus-de-26-500-pour-humboldtstrong","status":"publish","type":"post","link":"https:\/\/archive.cafe.crea.ca\/fr\/realtors-care-des-membres-de-laci-recueillent-plus-de-26-500-pour-humboldtstrong\/","title":{"rendered":"REALTORS Care\u00ae : Des membres de l\u2019ACI recueillent plus de 26 500 $ pour #HumboldtStrong"},"content":{"rendered":"<p>Notre article de REALTORS Care\u00ae le plus populaire pour le mois d\u2019avril soulignait l\u2019extraordinaire \u00e9lan de g\u00e9n\u00e9rosit\u00e9 de nos membres des quatre coins du pays au lendemain de la collision tragique qui a co\u00fbt\u00e9 la vie \u00e0 16\u00a0membres de la collectivit\u00e9 de Humboldt, en Saskatchewan. Plus de 26\u00a0500\u00a0$ avaient \u00e9t\u00e9 amass\u00e9s \u2013 dont 9\u00a0500\u00a0$ en juste quelques heures lors de l\u2019assembl\u00e9e g\u00e9n\u00e9rale et du Sommet de la direction de L\u2019Association canadienne de l\u2019immeuble \u2013 en appui aux premiers intervenants appel\u00e9s sur les lieux du drame. L\u2019article original <a href=\"https:\/\/www.crea.ca\/realtors-care-post\/realtors-raise-26000-for-humboldt-strong-initiative\/\" target=\"_blank\" rel=\"noopener\">REALTORS\u00ae raise more than $26\u00a0500\u00a0for #HumboldtStrong initiative<\/a> \u00e9tait paru le 20\u00a0avril.<\/p>\n<p>Vous aussi, vous pouvez faire conna\u00eetre votre organisme caritatif pr\u00e9f\u00e9r\u00e9 en <a href=\"https:\/\/www.crea.ca\/fr\/realtors-care\/contact-us\/share-your-story\/\" target=\"_blank\" rel=\"noopener\">partageant votre histoire inspirante<\/a>.<\/p>\n<p>La trag\u00e9die de Humboldt, en Saskatchewan, a \u00e9branl\u00e9 la nation. Le 6\u00a0avril dernier, une semi-remorque percutait l\u2019autobus qui transportait les Broncos de Humboldt, une \u00e9quipe de hockey junior A. Seize vies venaient d\u2019\u00eatre emport\u00e9es. Lorsque la nouvelle est tomb\u00e9e, ce qui \u00e9tait au d\u00e9part un drame local a rapidement pris une ampleur nationale.<\/p>\n<p>Dans les deux semaines qui ont suivi, les Canadiens ont donn\u00e9 plus de 15\u00a0millions de dollars pour venir en aide aux familles des victimes. Des vedettes de la LNH, des c\u00e9l\u00e9brit\u00e9s et les m\u00e9dias nationaux et internationaux ont fait cause commune. #HumboldtStrong est n\u00e9 du d\u00e9sir de montrer aux bonnes \u00e2mes de la Saskatchewan qu\u2019elles \u00e9taient dans les pens\u00e9es de tous et qu\u2019elles avaient tout leur amour.<\/p>\n<p>Dans le cadre du Sommet de la direction de l\u2019Association canadienne de l\u2019immeuble, les courtiers et agents membres ont une fois de plus combiner leurs efforts pour offrir leur soutien aux personnes dans le besoin. En quelques heures \u00e0 peine, une \u00ab\u00a0qu\u00eate\u00a0\u00bb improvis\u00e9e a permis d\u2019amasser 9\u00a0500\u00a0$ pour l\u2019initiative mise en branle par l\u2019Association immobili\u00e8re de la Saskatchewan\u00a0(ASR), qui visait \u00e0 recueillir des fonds pour les premiers intervenants qui ont travaill\u00e9 sur les lieux de l\u2019accident. Selon des experts cit\u00e9s <a href=\"http:\/\/www.cbc.ca\/news\/health\/humboldt-broncos-first-responders-ptsd-support-1.4625592\">dans un r\u00e9cent article de la CBC<\/a>, il faudra adopter une approche \u00e0 long terme pour traiter le personnel d\u2019urgence qui s\u2019est rendu sur les lieux, en vue de pr\u00e9venir et de mitiger les sympt\u00f4mes de trouble de stress post-traumatique.<\/p>\n<p>En date de vendredi, et en tenant compte du don de 5\u00a0000\u00a0$ de l\u2019ASR, la communaut\u00e9 immobili\u00e8re a amass\u00e9 plus de 26\u00a0500\u00a0$ pour la cause.<\/p>\n<p>\u00ab\u00a0Je suis sans mots. \u00c7a d\u00e9passe toutes les attentes\u00a0\u00bb, s\u2019exclame Len Wassill, d\u00e9tenteur du titre REALTOR<sup>\u00ae<\/sup> depuis 25\u00a0ans et administrateur r\u00e9gional repr\u00e9sentant la Saskatchewan au sein de l\u2019Association canadienne de l\u2019immeuble. \u00ab\u00a0Voici une nouvelle preuve que nous vivons dans le meilleur pays du monde.\u00a0\u00bb<\/p>\n<p>Le temps arrange peut-\u00eatre les choses, mais en ce moment, il est extr\u00eamement difficile d\u2019entrevoir le jour o\u00f9 se refermera la plaie b\u00e9ante qui fait souffrir cette communaut\u00e9 tiss\u00e9e serr\u00e9e.<\/p>\n<p>\u00ab\u00a0La premi\u00e8re question que j\u2019entends, c\u2019est \u201ccomment va tout le monde?\u201d Honn\u00eatement, nous sommes sous le choc, mais nous tenons le coup\u00a0\u00bb, explique M.\u00a0Wasill. M\u00eame s\u2019il ne connaissait aucune des victimes, tout le monde se conna\u00eet d\u2019une mani\u00e8re ou d\u2019une autre en Saskatchewan.<\/p>\n<p>\u00ab\u00a0Je ne connaissais aucune des victimes personnellement, mais j\u2019ai l\u2019impression de conna\u00eetre tous les passagers de cet autobus. Nous sommes unis \u00e0 ce point\u00a0\u00bb, affirme-t-il. Il cite l\u2019exemple de l\u2019\u00e9pouse du conducteur de l\u2019autobus d\u00e9c\u00e9d\u00e9 lors de l\u2019accident, qui a grandi dans le m\u00eame quartier que lui.<\/p>\n<p>Le soutien de la communaut\u00e9 immobili\u00e8re\u2014y compris de la National Association of REALTORS<sup>\u00ae<\/sup>, qui a donn\u00e9 1\u00a0000\u00a0$ \u00e0 l\u2019initiative de l\u2019ASR\u2014et du reste du pays \u00e9tait des plus tangibles, rench\u00e9rit-il.<\/p>\n<p>\u00ab\u00a0Dans la semaine qui a suivi la trag\u00e9die, tous les Canadiens ont partag\u00e9 notre deuil\u00a0\u00bb, d\u00e9clare M.\u00a0Wassil, donnant comme exemples les b\u00e2tons de hockey plac\u00e9s sur les portes d\u2019entr\u00e9e et les chandails de hockey arbor\u00e9s par bien des gens le 12\u00a0avril dernier pour montrer leur solidarit\u00e9 avec l\u2019\u00e9quipe. \u00ab\u00a0Les Canadiens ont les c\u0153urs les plus chaleureux qui soient; notre province vous remercie.\u00a0\u00bb<\/p>\n","protected":false},"excerpt":{"rendered":"<p>Notre article de REALTORS Care\u00ae le plus populaire pour le mois d\u2019avril soulignait l\u2019extraordinaire \u00e9lan de g\u00e9n\u00e9rosit\u00e9 de nos membres des quatre coins du pays au lendemain de la collision tragique qui a co\u00fbt\u00e9 la vie \u00e0 16\u00a0membres de la collectivit\u00e9 de Humboldt, en Saskatchewan. Plus de 26\u00a0500\u00a0$ avaient \u00e9t\u00e9 amass\u00e9s \u2013 dont 9\u00a0500\u00a0$ en &hellip; <a href=\"https:\/\/archive.cafe.crea.ca\/fr\/realtors-care-des-membres-de-laci-recueillent-plus-de-26-500-pour-humboldtstrong\/\" class=\"more-link\">Continue reading <span class=\"screen-reader-text\">REALTORS Care\u00ae : Des membres de l\u2019ACI recueillent plus de 26 500 $ pour #HumboldtStrong<\/span><\/a><\/p>\n","protected":false},"author":74,"featured_media":26966,"comment_status":"open","ping_status":"open","sticky":false,"template":"","format":"standard","meta":{"footnotes":""},"categories":[2372],"tags":[],"coauthors":[],"class_list":["post-30558","post","type-post","status-publish","format-standard","has-post-thumbnail","hentry","category-divers"],"aioseo_notices":[],"_links":{"self":[{"href":"https:\/\/archive.cafe.crea.ca\/fr\/wp-json\/wp\/v2\/posts\/30558"}],"collection":[{"href":"https:\/\/archive.cafe.crea.ca\/fr\/wp-json\/wp\/v2\/posts"}],"about":[{"href":"https:\/\/archive.cafe.crea.ca\/fr\/wp-json\/wp\/v2\/types\/post"}],"author":[{"embeddable":true,"href":"https:\/\/archive.cafe.crea.ca\/fr\/wp-json\/wp\/v2\/users\/74"}],"replies":[{"embeddable":true,"href":"https:\/\/archive.cafe.crea.ca\/fr\/wp-json\/wp\/v2\/comments?post=30558"}],"version-history":[{"count":0,"href":"https:\/\/archive.cafe.crea.ca\/fr\/wp-json\/wp\/v2\/posts\/30558\/revisions"}],"wp:featuredmedia":[{"embeddable":true,"href":"https:\/\/archive.cafe.crea.ca\/fr\/wp-json\/wp\/v2\/media\/26966"}],"wp:attachment":[{"href":"https:\/\/archive.cafe.crea.ca\/fr\/wp-json\/wp\/v2\/media?parent=30558"}],"wp:term":[{"taxonomy":"category","embeddable":true,"href":"https:\/\/archive.cafe.crea.ca\/fr\/wp-json\/wp\/v2\/categories?post=30558"},{"taxonomy":"post_tag","embeddable":true,"href":"https:\/\/archive.cafe.crea.ca\/fr\/wp-json\/wp\/v2\/tags?post=30558"},{"taxonomy":"author","embeddable":true,"href":"https:\/\/archive.cafe.crea.ca\/fr\/wp-json\/wp\/v2\/coauthors?post=30558"}],"curies":[{"name":"wp","href":"https:\/\/api.w.org\/{rel}","templated":true}]}}