{"id":30557,"date":"2018-05-25T13:23:14","date_gmt":"2018-05-25T17:23:14","guid":{"rendered":"https:\/\/archive.cafe.crea.ca\/saveurs-de-la-semaine-le-25-mai-2018\/"},"modified":"2018-05-25T13:23:14","modified_gmt":"2018-05-25T17:23:14","slug":"saveurs-de-la-semaine-le-25-mai-2018","status":"publish","type":"post","link":"https:\/\/archive.cafe.crea.ca\/fr\/saveurs-de-la-semaine-le-25-mai-2018\/","title":{"rendered":"Saveurs de la semaine : le 25 mai 2018"},"content":{"rendered":"<p><em>Les Saveurs de la semaine sont votre source hebdomadaire de nouvelles et de reportages sur l\u2019immobilier qui auraient pu vous \u00e9chapper.<\/em><em>\u00a0Notre \u00e9quipe des Saveurs de la semaine s\u2019acharne \u00e0 parcourir le Web \u00e0 la recherche de reportages obscurs, bizarres, int\u00e9ressants et informatifs sur l\u2019immobilier ou des sujets connexes. Si vous d\u00e9sirez en contribuer un, veuillez l\u2019afficher \u00e0 notre section r\u00e9serv\u00e9e aux commentaires ou gazouiller sur le reportage en utilisant le mot-clic\u00a0<strong>#Saveursdelasemaine<\/strong>. Faites-vous couler une bonne tasse de caf\u00e9 frais, savourez ces reportages\u2026 et faites-en peut-\u00eatre m\u00eame part \u00e0 vos amis et coll\u00e8gues. Bonne lecture!<\/em><\/p>\n<p><strong>Voici mes choix de la semaine\u00a0:<\/strong><\/p>\n<p>Les conseils de la semaine\u00a0: <a href=\"http:\/\/www.lapresse.ca\/maison\/immobilier\/201805\/22\/01-5182715-laccession-a-la-propriete-toujours-difficile.php?utm_categorieinterne=trafficdrivers&amp;utm_contenuinterne=cyberpresse_B13b_immobilier_320590_section_POS2\" target=\"_blank\" rel=\"noopener\">l\u2019accession \u00e0 la propri\u00e9t\u00e9 toujours difficile<\/a>; <a href=\"http:\/\/www.lapresse.ca\/maison\/cour-et-jardin\/jardiner\/201805\/22\/01-5182793-manger-sa-plate-bande.php\" target=\"_blank\" rel=\"noopener\">manger sa plate-bande<\/a>; <a href=\"http:\/\/www.lapresse.ca\/maison\/cour-et-jardin\/jardiner\/201805\/24\/01-5183046-des-fleurs-prometteuses.php\" target=\"_blank\" rel=\"noopener\">des fleurs prometteuses<\/a>; <a href=\"http:\/\/www.lapresse.ca\/maison\/immobilier\/conseils\/201805\/23\/01-5182867-linspection-en-contexte-doffres-multiples.php?utm_categorieinterne=trafficdrivers&amp;utm_contenuinterne=cyberpresse_B13b_immobilier_320590_section_POS1\" target=\"_blank\" rel=\"noopener\">l\u2019inspection en contexte d\u2019offres multiples<\/a>;\u00a0<a href=\"http:\/\/www.journaldemontreal.com\/2018\/05\/21\/eviter-les-surprises-a-lachat-dune-premiere-maison\" target=\"_blank\" rel=\"noopener\">\u00e9viter les surprises \u00e0 l\u2019achat d\u2019une maison<\/a>; la <a href=\"https:\/\/www.lesoleil.com\/maison\/la-renaissance-du-terrazzo-40f8fe6e52e6ba2e11e664a11d8edf5d\">renaissance du terrazzo<\/a>; <a href=\"https:\/\/www.lesoleil.com\/maison\/linspection-des-batiments-revue-et-corrigee-7721d9417fab301da634dd91bd51b0c5\" target=\"_blank\" rel=\"noopener\">l\u2019inspection des b\u00e2timents revue et corrig\u00e9e<\/a> et <a href=\"http:\/\/www.lapresse.ca\/maison\/immobilier\/201805\/24\/01-5183039-acheter-pour-demolir.php\" target=\"_blank\" rel=\"noopener\">acheter pour d\u00e9molir<\/a>.<\/p>\n<p>Dans <em>Les Affaires<\/em>, Joanie Fontaine explique que l\u2019on peut <a href=\"http:\/\/www.lesaffaires.com\/blogues\/joanie-fontaine\/perdre-propriete-pas-avoir-paye-taxes\/602843\" target=\"_blank\" rel=\"noopener\">perdre sa propri\u00e9t\u00e9 pour ne pas avoir pay\u00e9 ses taxes<\/a>, tandis qu\u2019Alain McKenna se demande si l\u2019on <a href=\"http:\/\/www.lesaffaires.com\/blogues\/alain-mckenna\/peut-on-avoir-une-maison-intelligente-sans-etre-connectee\/602897\" target=\"_blank\" rel=\"noopener\">peut avoir une maison intelligente sans qu\u2019elle soit connect\u00e9e<\/a>.<\/p>\n<p>Christine Manzo de <em>M\u00e9tro Montr\u00e9al<\/em> se confie sur <a href=\"http:\/\/journalmetro.com\/opinions\/la-milleniale\/1570860\/mon-leger-probleme-de-voyeurisme-immobilier\/\" target=\"_blank\" rel=\"noopener\">son (l\u00e9ger) probl\u00e8me de voyeurisme immobilier<\/a>.<\/p>\n<p><em>Immobilier 2.0<\/em> propose <a href=\"https:\/\/immo2.pro\/innovation-immobilier\/proptech-les-20-startups-immobilieres-a-suivre-au-vivatech\/\" target=\"_blank\" rel=\"noopener\">20\u00a0startups immobili\u00e8res \u00e0 suivre au VivaTech<\/a>.<\/p>\n<p><em>Les \u00c9chos<\/em> estime que les <a href=\"https:\/\/patrimoine.lesechos.fr\/immobilier\/prix\/0301679180209-immobilier-grand-paris-effet-jo-a-saint-denis-2178389.php\" target=\"_blank\" rel=\"noopener\">Jeux Olympiques de Paris en 2024 affectent d\u00e9j\u00e0 les prix \u00e0 Saint-Denis<\/a>, constate un <a href=\"https:\/\/patrimoine.lesechos.fr\/immobilier\/residence-principale-et-secondaire\/0301715747164-immobilier-regain-dinteret-pour-les-residences-secondaires-2178406.php\" target=\"_blank\" rel=\"noopener\">regain d\u2019int\u00e9r\u00eat dans les r\u00e9sidences secondaires<\/a>, et remarque que <a href=\"https:\/\/patrimoine.lesechos.fr\/immobilier\/residence-principale-et-secondaire\/0301709560406-immobilier-83-des-logements-sont-energivores-2177988.php\" target=\"_blank\" rel=\"noopener\">83\u00a0% des logements sont \u00e9nergivores<\/a>.<\/p>\n<p><em>MySweetImmo<\/em> r\u00e9v\u00e8le que <a href=\"https:\/\/www.mysweetimmo.com\/2018\/05\/23\/les-prix-de-limmobilier-en-hausse-de-92-en-2017-les-francais-toujours-les-premiers-a-investir-dans-la-pierre-portugaise\/\" target=\"_blank\" rel=\"noopener\">les prix de l\u2019immobilier au Portugal ont grimp\u00e9 de 9,2\u00a0% en 2017, et que les Fran\u00e7ais sont toujours les premiers \u00e0 investir<\/a>.<\/p>\n<p>L\u2019occasion de la semaine\u00a0: <a href=\"https:\/\/www.lavieimmo.com\/immobilier-correze-36749\/avec-11-euros-vous-pourriez-devenir-proprietaire-de-ce-chateau-en-correze-42764.html\" target=\"_blank\" rel=\"noopener\">avec 11\u00a0euros, vous pourriez devenir propri\u00e9taire de ce ch\u00e2teau en Corr\u00e8ze<\/a>.<\/p>\n","protected":false},"excerpt":{"rendered":"<p>Les Saveurs de la semaine sont votre source hebdomadaire de nouvelles et de reportages sur l\u2019immobilier qui auraient pu vous \u00e9chapper.\u00a0Notre \u00e9quipe des Saveurs de la semaine s\u2019acharne \u00e0 parcourir le Web \u00e0 la recherche de reportages obscurs, bizarres, int\u00e9ressants et informatifs sur l\u2019immobilier ou des sujets connexes. Si vous d\u00e9sirez en contribuer un, veuillez &hellip; <a href=\"https:\/\/archive.cafe.crea.ca\/fr\/saveurs-de-la-semaine-le-25-mai-2018\/\" class=\"more-link\">Continue reading <span class=\"screen-reader-text\">Saveurs de la semaine : le 25 mai 2018<\/span><\/a><\/p>\n","protected":false},"author":74,"featured_media":26838,"comment_status":"open","ping_status":"open","sticky":false,"template":"","format":"standard","meta":{"footnotes":""},"categories":[2372],"tags":[],"coauthors":[],"class_list":["post-30557","post","type-post","status-publish","format-standard","has-post-thumbnail","hentry","category-divers"],"aioseo_notices":[],"_links":{"self":[{"href":"https:\/\/archive.cafe.crea.ca\/fr\/wp-json\/wp\/v2\/posts\/30557"}],"collection":[{"href":"https:\/\/archive.cafe.crea.ca\/fr\/wp-json\/wp\/v2\/posts"}],"about":[{"href":"https:\/\/archive.cafe.crea.ca\/fr\/wp-json\/wp\/v2\/types\/post"}],"author":[{"embeddable":true,"href":"https:\/\/archive.cafe.crea.ca\/fr\/wp-json\/wp\/v2\/users\/74"}],"replies":[{"embeddable":true,"href":"https:\/\/archive.cafe.crea.ca\/fr\/wp-json\/wp\/v2\/comments?post=30557"}],"version-history":[{"count":0,"href":"https:\/\/archive.cafe.crea.ca\/fr\/wp-json\/wp\/v2\/posts\/30557\/revisions"}],"wp:featuredmedia":[{"embeddable":true,"href":"https:\/\/archive.cafe.crea.ca\/fr\/wp-json\/wp\/v2\/media\/26838"}],"wp:attachment":[{"href":"https:\/\/archive.cafe.crea.ca\/fr\/wp-json\/wp\/v2\/media?parent=30557"}],"wp:term":[{"taxonomy":"category","embeddable":true,"href":"https:\/\/archive.cafe.crea.ca\/fr\/wp-json\/wp\/v2\/categories?post=30557"},{"taxonomy":"post_tag","embeddable":true,"href":"https:\/\/archive.cafe.crea.ca\/fr\/wp-json\/wp\/v2\/tags?post=30557"},{"taxonomy":"author","embeddable":true,"href":"https:\/\/archive.cafe.crea.ca\/fr\/wp-json\/wp\/v2\/coauthors?post=30557"}],"curies":[{"name":"wp","href":"https:\/\/api.w.org\/{rel}","templated":true}]}}