{"id":30554,"date":"2018-06-07T12:17:27","date_gmt":"2018-06-07T16:17:27","guid":{"rendered":"https:\/\/archive.cafe.crea.ca\/sommet-du-rjp-le-mouvement-de-jeunes-continue-de-prendre-de-lampleur-dans-limmobilier\/"},"modified":"2018-06-07T12:17:27","modified_gmt":"2018-06-07T16:17:27","slug":"sommet-du-rjp-le-mouvement-de-jeunes-continue-de-prendre-de-lampleur-dans-limmobilier","status":"publish","type":"post","link":"https:\/\/archive.cafe.crea.ca\/fr\/sommet-du-rjp-le-mouvement-de-jeunes-continue-de-prendre-de-lampleur-dans-limmobilier\/","title":{"rendered":"Sommet du RJP : le mouvement de jeunes continue de prendre de l\u2019ampleur dans l\u2019immobilier"},"content":{"rendered":"<p>Pour la troisi\u00e8me ann\u00e9e de suite, les courtiers ou agents membres de partout au Canada se sont r\u00e9unis dans le cadre du Sommet national du R\u00e9seau de jeunes professionnels (RJP). Cette ann\u00e9e, le sommet s\u2019est d\u00e9roul\u00e9 \u00e0 Ottawa en m\u00eame temps que l\u2019Assembl\u00e9e g\u00e9n\u00e9rale annuelle (AGA) et le Sommet de la direction de l\u2019ACI.<\/p>\n<p>\u00ab\u00a0C\u2019est tr\u00e8s important d\u2019avoir des r\u00e9seaux professionnels comme le RJP afin de nous assurer que nous continuons \u00e0 soutenir les futurs dirigeants dans le secteur et \u00e0 offrir les conditions propices pour pr\u00e9parer la prochaine g\u00e9n\u00e9ration de courtier et d\u2019agent membre\u00a0\u00bb, mentionne Barb Sukkau, pr\u00e9sidente de l\u2019ACI.<\/p>\n<p>La fa\u00e7on de rompre le mod\u00e8le d\u2019affaires traditionnel et de r\u00e9fl\u00e9chir \u00e0 des moyens d\u2019accro\u00eetre, d\u2019\u00e9largir et d\u2019organiser vos affaires est ressorti des principales conclusions.<\/p>\n<p>Les participants ont pu profiter de conseils et d\u2019astuces sur\u00a0:<\/p>\n<ul>\n<li>la cr\u00e9ation d\u2019une marque personnelle efficace afin de cr\u00e9er des liens avec les clients gr\u00e2ce \u00e0 une communication et un contenu en ligne plus \u00e9toff\u00e9;<\/li>\n<li>la cr\u00e9ation de plans d\u2019affaires strat\u00e9giques permettant la flexibilit\u00e9 et l\u2019adaptation n\u00e9cessaires aux tendances changeantes et aux nouvelles technologies; et<\/li>\n<li>la cr\u00e9ation collaborative de liens entre les affaires et les initiatives sociales et caritatives.<\/li>\n<\/ul>\n<p>La collaboration et le leadership ont figur\u00e9 parmi les principales priorit\u00e9s des participants. Les discussions ont port\u00e9 sur la fa\u00e7on dont les membres de l\u2019ACI peuvent collaborer plus efficacement et mettre \u00e0 profit le RJP afin de favoriser de nouvelles occasions au sein de leurs chambres et associations, dans leurs collectivit\u00e9s et \u00e0 l\u2019\u00e9chelle nationale. <a href=\"https:\/\/www.crea.ca\/realtors-care-post\/ready-set-build-crea-hosts-ikea-build-challenge-benefiting-habitat-for-humanity\/\" target=\"_blank\" rel=\"noopener\">Les membres pr\u00e9sents ont \u00e9galement pris du temps pour participer \u00e0 une petite comp\u00e9tition amicale pour une bonne cause (Habitat pour l\u2019humanit\u00e9 de la grande r\u00e9gion d\u2019Ottawa).<\/a><\/p>\n<p>Les nouveaux ou jeunes professionnels du secteur apportent une gamme diversifi\u00e9e et \u00e9tendue d\u2019exp\u00e9riences et de comp\u00e9tences \u00e0 leur carri\u00e8re \u00e0 titre de professionnels de l\u2019immobilier. Le mouvement du RJP permet \u00e0 la prochaine g\u00e9n\u00e9ration de courtiers et d\u2019agents membres de partager leurs id\u00e9es et les nouvelles perspectives d\u2019affaires avec les chambres et les associations, cr\u00e9ant ainsi des occasions de prendre part aux processus d\u00e9cisionnels qui auront une incidence sur leur avenir et celles des prochaines g\u00e9n\u00e9rations.<\/p>\n<p>Vous d\u00e9sirez en savoir plus sur l\u2019initiative du RJP? Envoyez-nous un courriel \u00e0 <a href=\"mailto:ypn@crea.ca\">rjp@crea.ca<\/a> ou visitez <a href=\"https:\/\/www.realtorlink.ca\/content\/realtorlink\/crea\/fr_CA\/about\/membership\/young-professionals-network.html\" target=\"_blank\" rel=\"noopener\">la page du R\u00e9seau de jeunes professionnels sur le Lien IMMOBILIER<sup>MC<\/sup><\/a>.<\/p>\n","protected":false},"excerpt":{"rendered":"<p>Pour la troisi\u00e8me ann\u00e9e de suite, les courtiers ou agents membres de partout au Canada se sont r\u00e9unis dans le cadre du Sommet national du R\u00e9seau de jeunes professionnels (RJP). Cette ann\u00e9e, le sommet s\u2019est d\u00e9roul\u00e9 \u00e0 Ottawa en m\u00eame temps que l\u2019Assembl\u00e9e g\u00e9n\u00e9rale annuelle (AGA) et le Sommet de la direction de l\u2019ACI. \u00ab\u00a0C\u2019est &hellip; <a href=\"https:\/\/archive.cafe.crea.ca\/fr\/sommet-du-rjp-le-mouvement-de-jeunes-continue-de-prendre-de-lampleur-dans-limmobilier\/\" class=\"more-link\">Continue reading <span class=\"screen-reader-text\">Sommet du RJP : le mouvement de jeunes continue de prendre de l\u2019ampleur dans l\u2019immobilier<\/span><\/a><\/p>\n","protected":false},"author":102,"featured_media":26959,"comment_status":"open","ping_status":"open","sticky":false,"template":"","format":"standard","meta":{"footnotes":""},"categories":[2372],"tags":[],"coauthors":[],"class_list":["post-30554","post","type-post","status-publish","format-standard","has-post-thumbnail","hentry","category-divers"],"aioseo_notices":[],"_links":{"self":[{"href":"https:\/\/archive.cafe.crea.ca\/fr\/wp-json\/wp\/v2\/posts\/30554"}],"collection":[{"href":"https:\/\/archive.cafe.crea.ca\/fr\/wp-json\/wp\/v2\/posts"}],"about":[{"href":"https:\/\/archive.cafe.crea.ca\/fr\/wp-json\/wp\/v2\/types\/post"}],"author":[{"embeddable":true,"href":"https:\/\/archive.cafe.crea.ca\/fr\/wp-json\/wp\/v2\/users\/102"}],"replies":[{"embeddable":true,"href":"https:\/\/archive.cafe.crea.ca\/fr\/wp-json\/wp\/v2\/comments?post=30554"}],"version-history":[{"count":0,"href":"https:\/\/archive.cafe.crea.ca\/fr\/wp-json\/wp\/v2\/posts\/30554\/revisions"}],"wp:featuredmedia":[{"embeddable":true,"href":"https:\/\/archive.cafe.crea.ca\/fr\/wp-json\/wp\/v2\/media\/26959"}],"wp:attachment":[{"href":"https:\/\/archive.cafe.crea.ca\/fr\/wp-json\/wp\/v2\/media?parent=30554"}],"wp:term":[{"taxonomy":"category","embeddable":true,"href":"https:\/\/archive.cafe.crea.ca\/fr\/wp-json\/wp\/v2\/categories?post=30554"},{"taxonomy":"post_tag","embeddable":true,"href":"https:\/\/archive.cafe.crea.ca\/fr\/wp-json\/wp\/v2\/tags?post=30554"},{"taxonomy":"author","embeddable":true,"href":"https:\/\/archive.cafe.crea.ca\/fr\/wp-json\/wp\/v2\/coauthors?post=30554"}],"curies":[{"name":"wp","href":"https:\/\/api.w.org\/{rel}","templated":true}]}}