{"id":30551,"date":"2018-06-15T15:18:42","date_gmt":"2018-06-15T19:18:42","guid":{"rendered":"https:\/\/archive.cafe.crea.ca\/saveurs-de-la-semaine-le-15-juin-2018\/"},"modified":"2018-06-15T15:18:42","modified_gmt":"2018-06-15T19:18:42","slug":"saveurs-de-la-semaine-le-15-juin-2018","status":"publish","type":"post","link":"https:\/\/archive.cafe.crea.ca\/fr\/saveurs-de-la-semaine-le-15-juin-2018\/","title":{"rendered":"Saveurs de la semaine : le 15 juin 2018"},"content":{"rendered":"<p><em>Les Saveurs de la semaine sont votre source hebdomadaire de nouvelles et de reportages sur l\u2019immobilier qui auraient pu vous \u00e9chapper.<\/em><em>\u00a0Notre \u00e9quipe des Saveurs de la semaine s\u2019acharne \u00e0 parcourir le Web \u00e0 la recherche de reportages obscurs, bizarres, int\u00e9ressants et informatifs sur l\u2019immobilier ou des sujets connexes. Si vous d\u00e9sirez en contribuer un, veuillez l\u2019afficher \u00e0 notre section r\u00e9serv\u00e9e aux commentaires ou gazouiller sur le reportage en utilisant le mot-clic\u00a0<strong>#Saveursdelasemaine<\/strong>. Faites-vous couler une bonne tasse de caf\u00e9 frais, savourez ces reportages\u2026 et faites-en peut-\u00eatre m\u00eame part \u00e0 vos amis et coll\u00e8gues. Bonne lecture!<\/em><\/p>\n<p><strong>Voici mes choix de la semaine\u00a0:<\/strong><\/p>\n<p>Les conseils de la semaine\u00a0: <a href=\"http:\/\/www.lapresse.ca\/maison\/201806\/08\/01-5184967-50-ans-de-coops.php?utm_categorieinterne=trafficdrivers&amp;utm_contenuinterne=cyberpresse_B13b_immobilier_320590_section_POS5\" target=\"_blank\" rel=\"noopener\">50 ans de coops<\/a>; <a href=\"http:\/\/www.lapresse.ca\/maison\/immobilier\/conseils\/201806\/12\/01-5185417-savez-vous-quoi-faire-en-cas-de-tremblement-de-terre.php?utm_categorieinterne=trafficdrivers&amp;utm_contenuinterne=cyberpresse_B13b_immobilier_320590_section_POS1\" target=\"_blank\" rel=\"noopener\">savez-vous quoi faire en cas de tremblement de terre<\/a>; <a href=\"http:\/\/www.lapresse.ca\/maison\/cour-et-jardin\/piscines-et-spas\/201806\/13\/01-5185597-piscine-et-spa-attrait-pour-certains-boulet-pour-dautres.php\" target=\"_blank\" rel=\"noopener\">piscine et spa, attrait pour certains, boulet pour d\u2019autres<\/a>; <a href=\"http:\/\/www.lapresse.ca\/maison\/cour-et-jardin\/jardiner\/201806\/11\/01-5185293-a-la-recherche-de-larbre-ideal.php?utm_categorieinterne=trafficdrivers&amp;utm_contenuinterne=cyberpresse_B13b_cour-et-jardin_320598_section_POS2\" target=\"_blank\" rel=\"noopener\">\u00e0 la recherche de l\u2019arbre id\u00e9al<\/a>; <a href=\"http:\/\/www.lapresse.ca\/maison\/cour-et-jardin\/201806\/09\/01-5185104-jolies-jardinieres-pour-le-balcon.php?utm_categorieinterne=trafficdrivers&amp;utm_contenuinterne=cyberpresse_B13b_cour-et-jardin_320598_section_POS3\" target=\"_blank\" rel=\"noopener\">jolies jardini\u00e8res pour le balcon<\/a>; <a href=\"https:\/\/www.lesoleil.com\/maison\/comment-arroser-efficacement-3dc31cd36b4b228ec47e421f5154a389\" target=\"_blank\" rel=\"noopener\">comment arroser efficacement<\/a>; des <a href=\"https:\/\/www.lesoleil.com\/maison\/des-gadgets-pour-la-fete-des-peres-1a4f0e355ec94b63ff57b8d879bb2a07\" target=\"_blank\" rel=\"noopener\">gadgets pour la f\u00eate des P\u00e8res<\/a>; <a href=\"https:\/\/www.lesoleil.com\/maison\/fete-des-peres--15-trouvailles-pour-lhomme-de-notre-vie-d69bc02628e49cb39071a1fb33138241\" target=\"_blank\" rel=\"noopener\">15\u00a0trouvailles pour l\u2019homme de notre vie<\/a>; <a href=\"http:\/\/www.journaldemontreal.com\/2018\/06\/11\/pourquoi-les-taxes-municipales-augmentent-elles\" target=\"_blank\" rel=\"noopener\">pourquoi les taxes municipales augmentent-elles<\/a>; un <a href=\"http:\/\/www.lapresse.ca\/maison\/immobilier\/conseils\/201806\/14\/01-5185834-un-ventre-de-boeuf-cest-grave.php?utm_categorieinterne=trafficdrivers&amp;utm_contenuinterne=cyberpresse_B13b_immobilier_320590_section_POS1\" target=\"_blank\" rel=\"noopener\">ventre de b\u0153uf, c\u2019est grave<\/a>; <a href=\"http:\/\/www.journaldemontreal.com\/2018\/06\/15\/devez-vous-declarer-vos-animaux-aux-assurances\" target=\"_blank\" rel=\"noopener\">devez-vous d\u00e9clarer vos animaux aux assurances<\/a>.<\/p>\n<p>Joanie Fontaine estime que <a href=\"https:\/\/www.lesaffaires.com\/secteurs-d-activite\/immobilier\/immobilier-les-ventes-ont-continue-de-croitre-en-mai\/603244\" target=\"_blank\" rel=\"noopener\">les ventes ont continu\u00e9 de cro\u00eetre en mai<\/a>.<\/p>\n<p>Daniel Germain des <em>Affaires<\/em> discute <a href=\"http:\/\/www.lesaffaires.com\/blogues\/daniel-germain\/de-nouvelles-obligations-pour-les-proprietaires-de-condo\/603362\" target=\"_blank\" rel=\"noopener\">des nouvelles obligations pour les propri\u00e9taires de condo<\/a>.<\/p>\n<p><em>La Presse<\/em> rapporte que <a href=\"http:\/\/www.lapresse.ca\/affaires\/economie\/immobilier\/201806\/14\/01-5185800-les-baisses-de-prix-de-limmobilier-ontarien-ne-dureront-pas-dit-la-schl.php\" target=\"_blank\" rel=\"noopener\">selon la SCHL, les baisses de prix de l\u2019immobilier ontarien ne dureront pas<\/a>.<\/p>\n<p><em>Les Echos<\/em> r\u00e9v\u00e8le que <a href=\"https:\/\/patrimoine.lesechos.fr\/immobilier\/residence-principale-et-secondaire\/0301828389339-immobilier-40-de-francais-aimeraient-acheter-une-residence-secondaire-2184454.php\" target=\"_blank\" rel=\"noopener\">40\u00a0% des Fran\u00e7ais aimeraient acheter une r\u00e9sidence secondaire<\/a>.<\/p>\n<p><em>Le Soleil<\/em> pr\u00e9sente <a href=\"https:\/\/www.lesoleil.com\/actualite\/insolite\/des-nano-logements-pour-contrer-la-flambee-des-prix-immobiliers-b31cb595016246a5b2043c83b26f84a5\" target=\"_blank\" rel=\"noopener\">des \u00ab\u00a0nano-logements\u00a0\u00bb pour contrer la flamb\u00e9e des prix immobiliers<\/a>.<\/p>\n<p>Et l\u2019occasion de la semaine? <a href=\"http:\/\/www.tvanouvelles.ca\/2018\/06\/12\/trump-evoque-le-potentiel-touristique-et-immobilier-de-la-coree-du-nord\" target=\"_blank\" rel=\"noopener\">Trump \u00e9voque le potentiel touristique et immobilier de la Cor\u00e9e du Nord<\/a>.<\/p>\n","protected":false},"excerpt":{"rendered":"<p>Les Saveurs de la semaine sont votre source hebdomadaire de nouvelles et de reportages sur l\u2019immobilier qui auraient pu vous \u00e9chapper.\u00a0Notre \u00e9quipe des Saveurs de la semaine s\u2019acharne \u00e0 parcourir le Web \u00e0 la recherche de reportages obscurs, bizarres, int\u00e9ressants et informatifs sur l\u2019immobilier ou des sujets connexes. Si vous d\u00e9sirez en contribuer un, veuillez &hellip; <a href=\"https:\/\/archive.cafe.crea.ca\/fr\/saveurs-de-la-semaine-le-15-juin-2018\/\" class=\"more-link\">Continue reading <span class=\"screen-reader-text\">Saveurs de la semaine : le 15 juin 2018<\/span><\/a><\/p>\n","protected":false},"author":74,"featured_media":26954,"comment_status":"open","ping_status":"open","sticky":false,"template":"","format":"standard","meta":{"footnotes":""},"categories":[2372],"tags":[],"coauthors":[],"class_list":["post-30551","post","type-post","status-publish","format-standard","has-post-thumbnail","hentry","category-divers"],"aioseo_notices":[],"_links":{"self":[{"href":"https:\/\/archive.cafe.crea.ca\/fr\/wp-json\/wp\/v2\/posts\/30551"}],"collection":[{"href":"https:\/\/archive.cafe.crea.ca\/fr\/wp-json\/wp\/v2\/posts"}],"about":[{"href":"https:\/\/archive.cafe.crea.ca\/fr\/wp-json\/wp\/v2\/types\/post"}],"author":[{"embeddable":true,"href":"https:\/\/archive.cafe.crea.ca\/fr\/wp-json\/wp\/v2\/users\/74"}],"replies":[{"embeddable":true,"href":"https:\/\/archive.cafe.crea.ca\/fr\/wp-json\/wp\/v2\/comments?post=30551"}],"version-history":[{"count":0,"href":"https:\/\/archive.cafe.crea.ca\/fr\/wp-json\/wp\/v2\/posts\/30551\/revisions"}],"wp:featuredmedia":[{"embeddable":true,"href":"https:\/\/archive.cafe.crea.ca\/fr\/wp-json\/wp\/v2\/media\/26954"}],"wp:attachment":[{"href":"https:\/\/archive.cafe.crea.ca\/fr\/wp-json\/wp\/v2\/media?parent=30551"}],"wp:term":[{"taxonomy":"category","embeddable":true,"href":"https:\/\/archive.cafe.crea.ca\/fr\/wp-json\/wp\/v2\/categories?post=30551"},{"taxonomy":"post_tag","embeddable":true,"href":"https:\/\/archive.cafe.crea.ca\/fr\/wp-json\/wp\/v2\/tags?post=30551"},{"taxonomy":"author","embeddable":true,"href":"https:\/\/archive.cafe.crea.ca\/fr\/wp-json\/wp\/v2\/coauthors?post=30551"}],"curies":[{"name":"wp","href":"https:\/\/api.w.org\/{rel}","templated":true}]}}