{"id":30520,"date":"2018-09-27T08:48:26","date_gmt":"2018-09-27T12:48:26","guid":{"rendered":"https:\/\/archive.cafe.crea.ca\/maximisez-votre-capacite-de-persuasion-sur-la-colline-du-parlement\/"},"modified":"2018-09-27T08:48:26","modified_gmt":"2018-09-27T12:48:26","slug":"maximisez-votre-capacite-de-persuasion-sur-la-colline-du-parlement","status":"publish","type":"post","link":"https:\/\/archive.cafe.crea.ca\/fr\/maximisez-votre-capacite-de-persuasion-sur-la-colline-du-parlement\/","title":{"rendered":"Maximisez votre CAPacit\u00e9 de persuasion sur la Colline du Parlement"},"content":{"rendered":"<p>Entre le 30\u00a0septembre et le 2\u00a0octobre, des courtiers et agents immobiliers d\u2019un oc\u00e9an \u00e0 l\u2019autre pourront \u00eatre aper\u00e7us dans les diff\u00e9rents \u00e9difices de la Colline du Parlement. On les remarquera \u00e0 leurs \u00e9pinglettes du Comit\u00e9 d\u2019action politique (CAP) arbor\u00e9es fi\u00e8rement alors qu\u2019ils d\u00e9fendront les int\u00e9r\u00eats des propri\u00e9taires aupr\u00e8s du f\u00e9d\u00e9ral.<\/p>\n<p>\u00c0 l\u2019approche des \u00e9lections f\u00e9d\u00e9rales de 2019, les d\u00e9cideurs pr\u00eatent une oreille plus attentive aux pr\u00e9occupations de leurs \u00e9lecteurs. Il s\u2019agira donc pour les repr\u00e9sentants du CAP de souligner l\u2019apport des courtiers et agents immobiliers sur divers enjeux, parmi lesquels le R\u00e9gime d\u2019accession \u00e0 la propri\u00e9t\u00e9 (RAP). Au vu du r\u00e9cent tour de vis du gouvernement sur l\u2019acc\u00e8s \u00e0 la propri\u00e9t\u00e9 et les options de financement hypoth\u00e9caire, il est crucial de maintenir le RAP au c\u0153ur du d\u00e9bat afin d\u2019en pr\u00e9server la l\u00e9gitimit\u00e9 et d\u2019en \u00e9largir l\u2019utilisation.<\/p>\n<p>Pour pr\u00e9parer votre venue dans la capitale nationale, nous vous avons concoct\u00e9 ci-dessous un aide-m\u00e9moire pour les 33<sup>e<\/sup>\u00a0Journ\u00e9es du CAP organis\u00e9es par l\u2019ACI\u00a0:<\/p>\n<p><strong>Soignez votre apparence<\/strong><\/p>\n<p>De la valorisation r\u00e9sidentielle aux photos professionnelles, les courtiers et agents immobiliers sont les ma\u00eetres du soin de l\u2019apparence.<\/p>\n<p>Durant les Journ\u00e9es du CAP, nos membres cherchent \u00e0 faire bonne impression aupr\u00e8s des \u00e9lus. La tenue de ville est de mise sur la Colline du Parlement et pour les rencontres avec les d\u00e9put\u00e9s et leur personnel, alors habillez-vous en cons\u00e9quence.<\/p>\n<p>L\u2019automne \u00e0 Ottawa est un peu impr\u00e9visible, donc une veste chaude, une \u00e9charpe et un parapluie ne seront pas de trop. Consultez quand m\u00eame la m\u00e9t\u00e9o au moment de faire vos valises. Un d\u00e9tachant express et un rouleau antipeluche vous seront aussi certainement utiles.<\/p>\n<p><strong>Passez la s\u00e9curit\u00e9 rapidement<\/strong><\/p>\n<p>Le contr\u00f4le de s\u00e9curit\u00e9 \u00e0 la Colline du Parlement s\u2019apparente \u00e0 celui d\u2019un a\u00e9roport. Arrivez t\u00f4t et pr\u00e9parez-vous \u00e0 retirer sacs, vestes, ceinture, bijoux et autres accessoires m\u00e9talliques.<\/p>\n<p>Rappelez-vous qu\u2019il vous faut montrer une pi\u00e8ce d\u2019identit\u00e9 avec photo officiellement reconnue pour acc\u00e9der \u00e0 tous les \u00e9difices du Parlement.<\/p>\n<p><strong>Tirez le maximum de la rencontre<\/strong><\/p>\n<p>Le principal objectif des Journ\u00e9es du CAP est de d\u00e9fendre efficacement les int\u00e9r\u00eats des courtiers et agents immobiliers et ceux des propri\u00e9taires aupr\u00e8s des d\u00e9cideurs. Il est cependant tout aussi important de profiter de l\u2019occasion pour nouer et d\u00e9velopper des relations mutuellement b\u00e9n\u00e9fiques.<\/p>\n<p>Il serait dommage de ne pas profiter au maximum d\u2019une br\u00e8ve rencontre avec un d\u00e9put\u00e9 au calendrier charg\u00e9. Veuillez vous munir de cartes professionnelles que vous remettrez au d\u00e9put\u00e9 \u2013 et aux membres de son \u00e9quipe \u2013 \u00e0 la fin de votre rencontre.<\/p>\n<p>N\u2019h\u00e9sitez pas \u00e0 demander \u00e0 prendre une photo et \u00e0 la partager sur les r\u00e9seaux sociaux en y ajoutant le mot-clic des Journ\u00e9es du CAP\u00a0: #CAP18ACI.<\/p>\n<blockquote class=\"twitter-tweet\" data-lang=\"en\">\n<p dir=\"ltr\" lang=\"fr\">Parl\u00e9 du march\u00e9 national du logement et des suggestions des membres de <a href=\"https:\/\/twitter.com\/CREA_ACI?ref_src=twsrc%5Etfw\">@CREA_ACI<\/a> avec Roger Rh\u00e9aume, r\u00e9sident de Candiac lors de <a href=\"https:\/\/twitter.com\/hashtag\/CAP17ACI?src=hash&amp;ref_src=twsrc%5Etfw\">#CAP17ACI<\/a> <a href=\"https:\/\/t.co\/xgQNKXpP25\">pic.twitter.com\/xgQNKXpP25<\/a><\/p>\n<p>\u2014 Jean-Claude Poissant (@PLCLaPrairieJCP) <a href=\"https:\/\/twitter.com\/PLCLaPrairieJCP\/status\/920330962445193217?ref_src=twsrc%5Etfw\">October 17, 2017<\/a><\/p><\/blockquote>\n<p><script async src=\"https:\/\/platform.twitter.com\/widgets.js\" charset=\"utf-8\"><\/script><\/p>\n<blockquote class=\"twitter-tweet\" data-lang=\"en\">\n<p dir=\"ltr\" lang=\"und\"><a href=\"https:\/\/twitter.com\/hashtag\/cap17aci?src=hash&amp;ref_src=twsrc%5Etfw\">#cap17aci<\/a> <a href=\"https:\/\/twitter.com\/hashtag\/creapac17?src=hash&amp;ref_src=twsrc%5Etfw\">#creapac17<\/a> <a href=\"https:\/\/t.co\/Ely0hxiJgD\">pic.twitter.com\/Ely0hxiJgD<\/a><\/p>\n<p>\u2014 Stephanie Pinet (@your905realtor) <a href=\"https:\/\/twitter.com\/your905realtor\/status\/919637290066022401?ref_src=twsrc%5Etfw\">October 15, 2017<\/a><\/p><\/blockquote>\n<p><script async src=\"https:\/\/platform.twitter.com\/widgets.js\" charset=\"utf-8\"><\/script><\/p>\n<blockquote class=\"twitter-tweet\" data-lang=\"en\">\n<p dir=\"ltr\" lang=\"und\"><a href=\"https:\/\/twitter.com\/hashtag\/cap17aci?src=hash&amp;ref_src=twsrc%5Etfw\">#cap17aci<\/a> <a href=\"https:\/\/t.co\/ZGkXGHkBiQ\">pic.twitter.com\/ZGkXGHkBiQ<\/a><\/p>\n<p>\u2014 Elizabeth Stewart (@Elizabe28430990) <a href=\"https:\/\/twitter.com\/Elizabe28430990\/status\/919651014889934850?ref_src=twsrc%5Etfw\">October 15, 2017<\/a><\/p><\/blockquote>\n<p><script async src=\"https:\/\/platform.twitter.com\/widgets.js\" charset=\"utf-8\"><\/script><\/p>\n<p>Ajoutez une touche personnelle en envoyant une carte de remerciement au d\u00e9put\u00e9 et \u00e0 son personnel en y ajoutant une carte professionnelle et un r\u00e9capitulatif des mesures de suivi discut\u00e9es lors de la rencontre.<\/p>\n<p>Pour obtenir des d\u00e9tails sur la conf\u00e9rence, y compris la documentation et les informations sur l\u2019inscription, rendez-vous sur <a href=\"http:\/\/reseaudactionimmobilier.ca\" target=\"_blank\" rel=\"noopener\">reseaudactionimmobilier.ca<\/a>. Au plaisir de vous voir \u00e0 Ottawa!<\/p>\n","protected":false},"excerpt":{"rendered":"<p>Entre le 30\u00a0septembre et le 2\u00a0octobre, des courtiers et agents immobiliers d\u2019un oc\u00e9an \u00e0 l\u2019autre pourront \u00eatre aper\u00e7us dans les diff\u00e9rents \u00e9difices de la Colline du Parlement. On les remarquera \u00e0 leurs \u00e9pinglettes du Comit\u00e9 d\u2019action politique (CAP) arbor\u00e9es fi\u00e8rement alors qu\u2019ils d\u00e9fendront les int\u00e9r\u00eats des propri\u00e9taires aupr\u00e8s du f\u00e9d\u00e9ral. \u00c0 l\u2019approche des \u00e9lections f\u00e9d\u00e9rales &hellip; <a href=\"https:\/\/archive.cafe.crea.ca\/fr\/maximisez-votre-capacite-de-persuasion-sur-la-colline-du-parlement\/\" class=\"more-link\">Continue reading <span class=\"screen-reader-text\">Maximisez votre CAPacit\u00e9 de persuasion sur la Colline du Parlement<\/span><\/a><\/p>\n","protected":false},"author":118,"featured_media":26863,"comment_status":"open","ping_status":"open","sticky":false,"template":"","format":"standard","meta":{"footnotes":""},"categories":[2369],"tags":[],"coauthors":[],"class_list":["post-30520","post","type-post","status-publish","format-standard","has-post-thumbnail","hentry","category-defense-des-interets"],"aioseo_notices":[],"_links":{"self":[{"href":"https:\/\/archive.cafe.crea.ca\/fr\/wp-json\/wp\/v2\/posts\/30520"}],"collection":[{"href":"https:\/\/archive.cafe.crea.ca\/fr\/wp-json\/wp\/v2\/posts"}],"about":[{"href":"https:\/\/archive.cafe.crea.ca\/fr\/wp-json\/wp\/v2\/types\/post"}],"author":[{"embeddable":true,"href":"https:\/\/archive.cafe.crea.ca\/fr\/wp-json\/wp\/v2\/users\/118"}],"replies":[{"embeddable":true,"href":"https:\/\/archive.cafe.crea.ca\/fr\/wp-json\/wp\/v2\/comments?post=30520"}],"version-history":[{"count":0,"href":"https:\/\/archive.cafe.crea.ca\/fr\/wp-json\/wp\/v2\/posts\/30520\/revisions"}],"wp:featuredmedia":[{"embeddable":true,"href":"https:\/\/archive.cafe.crea.ca\/fr\/wp-json\/wp\/v2\/media\/26863"}],"wp:attachment":[{"href":"https:\/\/archive.cafe.crea.ca\/fr\/wp-json\/wp\/v2\/media?parent=30520"}],"wp:term":[{"taxonomy":"category","embeddable":true,"href":"https:\/\/archive.cafe.crea.ca\/fr\/wp-json\/wp\/v2\/categories?post=30520"},{"taxonomy":"post_tag","embeddable":true,"href":"https:\/\/archive.cafe.crea.ca\/fr\/wp-json\/wp\/v2\/tags?post=30520"},{"taxonomy":"author","embeddable":true,"href":"https:\/\/archive.cafe.crea.ca\/fr\/wp-json\/wp\/v2\/coauthors?post=30520"}],"curies":[{"name":"wp","href":"https:\/\/api.w.org\/{rel}","templated":true}]}}