{"id":30515,"date":"2018-10-12T10:24:59","date_gmt":"2018-10-12T14:24:59","guid":{"rendered":"https:\/\/archive.cafe.crea.ca\/saveurs-de-la-semaine-le-12-octobre-2018\/"},"modified":"2018-10-12T10:24:59","modified_gmt":"2018-10-12T14:24:59","slug":"saveurs-de-la-semaine-le-12-octobre-2018","status":"publish","type":"post","link":"https:\/\/archive.cafe.crea.ca\/fr\/saveurs-de-la-semaine-le-12-octobre-2018\/","title":{"rendered":"Saveurs de la semaine : le 12 octobre 2018"},"content":{"rendered":"<p><em>Les Saveurs de la semaine sont votre source hebdomadaire de nouvelles et de reportages sur l\u2019immobilier qui auraient pu vous \u00e9chapper.<\/em><em>\u00a0Notre \u00e9quipe des Saveurs de la semaine s\u2019acharne \u00e0 parcourir le Web \u00e0 la recherche de reportages obscurs, bizarres, int\u00e9ressants et informatifs sur l\u2019immobilier ou des sujets connexes. Si vous d\u00e9sirez en contribuer un, veuillez l\u2019afficher \u00e0 notre section r\u00e9serv\u00e9e aux commentaires ou gazouiller sur le reportage en utilisant le mot-clic\u00a0<strong>#Saveursdelasemaine<\/strong>. Faites-vous couler une bonne tasse de caf\u00e9 frais, savourez ces reportages\u2026 et faites-en peut-\u00eatre m\u00eame part \u00e0 vos amis et coll\u00e8gues. Bonne lecture!<\/em><\/p>\n<p><strong>Voici mes choix de la semaine\u00a0:<\/strong><\/p>\n<p>&nbsp;<\/p>\n<p>Les conseils de la semaine\u00a0: <a href=\"https:\/\/www.lapresse.ca\/maison\/immobilier\/conseils\/201810\/10\/01-5199769-quelques-questions-a-poser-avant-dembaucher-un-peintre.php\">quelques questions \u00e0 poser avant d\u2019embaucher un peintre<\/a>; la <a href=\"https:\/\/www.lapresse.ca\/maison\/immobilier\/conseils\/201810\/09\/01-5199508-la-guerre-aux-fuites-dair-dans-les-maisons-se-corse.php?utm_categorieinterne=trafficdrivers&amp;utm_contenuinterne=cyberpresse_B13b_immobilier_320590_section_POS2\">guerre aux fuites d\u2019air dans les maisons se corse<\/a>; <a href=\"https:\/\/www.lapresse.ca\/maison\/immobilier\/conseils\/201810\/05\/01-5199234-mesurer-la-qualite-de-lair.php?utm_categorieinterne=trafficdrivers&amp;utm_contenuinterne=cyberpresse_B13b_immobilier_320590_section_POS3\">mesurer la qualit\u00e9 de l\u2019air<\/a>; au <a href=\"https:\/\/www.lesoleil.com\/maison\/horticulture\/au-pays-des-tulipes-canadiennes-371770804e62c824e815e527ff199662\">pays des tulipes canadiennes<\/a>; <a href=\"https:\/\/www.lesoleil.com\/maison\/floraison-sur-canape-bd510e06389dd9d114b27bd49a20c073\">floraison sur canap\u00e9<\/a>; <a href=\"https:\/\/www.journaldemontreal.com\/2018\/10\/08\/engranger-des-revenus-en-louant-sa-maison\">engranger des revenus en louant sa maison<\/a>; <a href=\"https:\/\/www.journaldemontreal.com\/2018\/10\/11\/faire-pousser-du-pot-a-la-maison-comporte-des-risques\">cultiver du pot \u00e0 la maison comporte des risques<\/a>.<\/p>\n<p>Joanie Fontaine des <em>Affaires<\/em> se demande si c\u2019est <a href=\"https:\/\/www.lesaffaires.com\/secteurs-d-activite\/immobilier\/immobilier-le-debut-d-une-tendance-baissiere\/605551\" target=\"_blank\" rel=\"noopener\">le d\u00e9but d\u2019une tendance baissi\u00e8re<\/a>.<\/p>\n<p><em>Conseiller<\/em> rapporte que <a href=\"https:\/\/www.conseiller.ca\/nouvelles\/economie\/limmobilier-de-moins-en-moins-abordable-au-pays\/\" target=\"_blank\" rel=\"noopener\">l\u2019immobilier est de moins en moins abordable au pays<\/a>.<\/p>\n<p><em>L\u2019\u00c9cho de Laval<\/em> estime que <a href=\"https:\/\/www.lechodelaval.ca\/actualites\/societe\/347122\/le-marche-immobilier-se-porte-bien-dans-laval\" target=\"_blank\" rel=\"noopener\">le march\u00e9 immobilier se porte bien dans Laval<\/a>, et <em>La Presse<\/em> constate un <a href=\"https:\/\/www.lapresse.ca\/affaires\/economie\/immobilier\/201810\/09\/01-5199564-ralentissement-des-mises-en-chantier-en-septembre-au-pays.php\" target=\"_blank\" rel=\"noopener\">ralentissement des mises en chantier en septembre au pays<\/a>.<\/p>\n<p><em>Les \u00c9chos<\/em> se demande <a href=\"https:\/\/patrimoine.lesechos.fr\/immobilier\/location\/0302387536344-immobilier-pourquoi-les-proprietaires-ont-peur-de-louer-2212832.php\" target=\"_blank\" rel=\"noopener\">pourquoi les propri\u00e9taires ont peur de louer<\/a>.<\/p>\n<p>Airbnb en France\u00a0: <em>La Vie Immo<\/em> r\u00e9v\u00e8le qu\u2019<a href=\"https:\/\/www.lavieimmo.com\/divers-immobilier\/airbnb-n-aurait-paye-que-160000-euros-d-impots-en-2017-43658.html\" target=\"_blank\" rel=\"noopener\">Airbnb n\u2019aurait pay\u00e9 que 160\u00a0000\u00a0euros d\u2019imp\u00f4ts en 2017<\/a> et que la <a href=\"https:\/\/www.lavieimmo.com\/divers-immobilier\/la-majorite-des-coproprietes-pourraient-etre-dans-l-illegalite-en-janvier-prochain-43666.html\" target=\"_blank\" rel=\"noopener\">majorit\u00e9 des copropri\u00e9t\u00e9s pourraient \u00eatre dans l\u2019ill\u00e9galit\u00e9 en janvier prochain<\/a>.<\/p>\n<p>Les occasions de la semaine\u00a0: <em>MySweetImmo<\/em> propose la <a href=\"https:\/\/www.mysweetimmo.com\/2018\/10\/08\/beverly-hills-la-propriete-de-david-et-victoria-beckham-est-a-vendre\/\" target=\"_blank\" rel=\"noopener\">propri\u00e9t\u00e9 de David et Victoria Beckham \u00e0 Beverly Hills<\/a>; <a href=\"https:\/\/www.mysweetimmo.com\/2018\/10\/04\/a-saisir-lancienne-maison-de-charles-aznavour-dans-les-yvelines\/\" target=\"_blank\" rel=\"noopener\">l\u2019ancienne maison de Charles Aznavour \u00e0 Monfort L\u2019amaury<\/a> ou <a href=\"https:\/\/www.mysweetimmo.com\/2018\/10\/08\/suisses-anglais-italiens-les-chateaux-de-la-loire-font-rever-les-acheteurs-du-monde-entier\/\" target=\"_blank\" rel=\"noopener\">encore un ch\u00e2teau de la Loire<\/a>.<\/p>\n","protected":false},"excerpt":{"rendered":"<p>Les Saveurs de la semaine sont votre source hebdomadaire de nouvelles et de reportages sur l\u2019immobilier qui auraient pu vous \u00e9chapper.\u00a0Notre \u00e9quipe des Saveurs de la semaine s\u2019acharne \u00e0 parcourir le Web \u00e0 la recherche de reportages obscurs, bizarres, int\u00e9ressants et informatifs sur l\u2019immobilier ou des sujets connexes. Si vous d\u00e9sirez en contribuer un, veuillez &hellip; <a href=\"https:\/\/archive.cafe.crea.ca\/fr\/saveurs-de-la-semaine-le-12-octobre-2018\/\" class=\"more-link\">Continue reading <span class=\"screen-reader-text\">Saveurs de la semaine : le 12 octobre 2018<\/span><\/a><\/p>\n","protected":false},"author":74,"featured_media":26883,"comment_status":"open","ping_status":"open","sticky":false,"template":"","format":"standard","meta":{"footnotes":""},"categories":[2372],"tags":[],"coauthors":[],"class_list":["post-30515","post","type-post","status-publish","format-standard","has-post-thumbnail","hentry","category-divers"],"aioseo_notices":[],"_links":{"self":[{"href":"https:\/\/archive.cafe.crea.ca\/fr\/wp-json\/wp\/v2\/posts\/30515"}],"collection":[{"href":"https:\/\/archive.cafe.crea.ca\/fr\/wp-json\/wp\/v2\/posts"}],"about":[{"href":"https:\/\/archive.cafe.crea.ca\/fr\/wp-json\/wp\/v2\/types\/post"}],"author":[{"embeddable":true,"href":"https:\/\/archive.cafe.crea.ca\/fr\/wp-json\/wp\/v2\/users\/74"}],"replies":[{"embeddable":true,"href":"https:\/\/archive.cafe.crea.ca\/fr\/wp-json\/wp\/v2\/comments?post=30515"}],"version-history":[{"count":0,"href":"https:\/\/archive.cafe.crea.ca\/fr\/wp-json\/wp\/v2\/posts\/30515\/revisions"}],"wp:featuredmedia":[{"embeddable":true,"href":"https:\/\/archive.cafe.crea.ca\/fr\/wp-json\/wp\/v2\/media\/26883"}],"wp:attachment":[{"href":"https:\/\/archive.cafe.crea.ca\/fr\/wp-json\/wp\/v2\/media?parent=30515"}],"wp:term":[{"taxonomy":"category","embeddable":true,"href":"https:\/\/archive.cafe.crea.ca\/fr\/wp-json\/wp\/v2\/categories?post=30515"},{"taxonomy":"post_tag","embeddable":true,"href":"https:\/\/archive.cafe.crea.ca\/fr\/wp-json\/wp\/v2\/tags?post=30515"},{"taxonomy":"author","embeddable":true,"href":"https:\/\/archive.cafe.crea.ca\/fr\/wp-json\/wp\/v2\/coauthors?post=30515"}],"curies":[{"name":"wp","href":"https:\/\/api.w.org\/{rel}","templated":true}]}}