{"id":30511,"date":"2018-10-26T13:17:18","date_gmt":"2018-10-26T17:17:18","guid":{"rendered":"https:\/\/archive.cafe.crea.ca\/saveurs-de-la-semaine-le-26-octobre-2018\/"},"modified":"2018-10-26T13:17:18","modified_gmt":"2018-10-26T17:17:18","slug":"saveurs-de-la-semaine-le-26-octobre-2018","status":"publish","type":"post","link":"https:\/\/archive.cafe.crea.ca\/fr\/saveurs-de-la-semaine-le-26-octobre-2018\/","title":{"rendered":"Saveurs de la semaine : le 26 octobre 2018"},"content":{"rendered":"<p><em>Les Saveurs de la semaine sont votre source hebdomadaire de nouvelles et de reportages sur l\u2019immobilier qui auraient pu vous \u00e9chapper.<\/em><em>\u00a0Notre \u00e9quipe des Saveurs de la semaine s\u2019acharne \u00e0 parcourir le Web \u00e0 la recherche de reportages obscurs, bizarres, int\u00e9ressants et informatifs sur l\u2019immobilier ou des sujets connexes. Si vous d\u00e9sirez en contribuer un, veuillez l\u2019afficher \u00e0 notre section r\u00e9serv\u00e9e aux commentaires ou gazouiller sur le reportage en utilisant le mot-clic\u00a0<strong>#Saveursdelasemaine<\/strong>. Faites-vous couler une bonne tasse de caf\u00e9 frais, savourez ces reportages\u2026 et faites-en peut-\u00eatre m\u00eame part \u00e0 vos amis et coll\u00e8gues. Bonne lecture!<\/em><\/p>\n<p><strong>Voici mes choix de la semaine\u00a0:<\/strong><\/p>\n<p>Les conseils de la semaine\u00a0: <a href=\"https:\/\/www.lesoleil.com\/maison\/techno-cabane-a-sucre-branchee-a-saint-augustin-de-desmaures-f645f6e9b60f8ea1c664147158cebfd4\" target=\"_blank\" rel=\"noopener\">cabane \u00e0 sucre branch\u00e9e<\/a>; <a href=\"https:\/\/www.lesoleil.com\/maison\/donner-un-esprit-halloween-a-notre-decor-c109f615db58dfe73dcf21e459886e87\">donner un esprit Halloween au d\u00e9cor<\/a>; le <a href=\"https:\/\/www.lapresse.ca\/maison\/immobilier\/201810\/24\/01-5201552-le-photographe-immobilier-derriere-limage-qui-fait-vendre.php\" target=\"_blank\" rel=\"noopener\">photographe immobilier<\/a>; la <a href=\"https:\/\/www.lapresse.ca\/maison\/decoration\/amenagement\/201810\/23\/01-5201400-la-saison-des-bains-chauds.php\">saison des bains chauds<\/a>; un <a href=\"https:\/\/www.lapresse.ca\/maison\/immobilier\/conseils\/201810\/22\/01-5201163-un-courtier-pour-louer.php?utm_categorieinterne=trafficdrivers&amp;utm_contenuinterne=cyberpresse_B13b_immobilier_320590_section_POS3\">courtier pour louer<\/a>; <a href=\"https:\/\/www.lapresse.ca\/maison\/immobilier\/201810\/23\/01-5201349-visites-libres-dautomne-comparer-avant-de-choisir.php?utm_categorieinterne=trafficdrivers&amp;utm_contenuinterne=cyberpresse_B13b_immobilier_320590_section_POS2\">visites libres, comparer avant de choisir<\/a>; <a href=\"https:\/\/www.journaldemontreal.com\/2018\/10\/25\/preparez-vous-a-payer-plus-cher-vos-prets\" target=\"_blank\" rel=\"noopener\">pr\u00e9parez-vous \u00e0 payer plus cher vos pr\u00eats<\/a>; <a href=\"https:\/\/www.journaldemontreal.com\/2018\/10\/24\/hausse-du-taux-directeur-quel-impact-sur-votre-pret-hypothecaire\" target=\"_blank\" rel=\"noopener\">quel impact sur votre pr\u00eat hypoth\u00e9caire<\/a>; les <a href=\"https:\/\/www.journaldemontreal.com\/2018\/10\/18\/les-nouveaux-proprietaires-etirent-leur-portefeuille-au-maximum-1\" target=\"_blank\" rel=\"noopener\">nouveaux propri\u00e9taires s\u2019endettent beaucoup<\/a>; <a href=\"https:\/\/www.journaldemontreal.com\/2018\/10\/22\/a-deux-cest-mieux-pour-investir-dans-limmobilier\" target=\"_blank\" rel=\"noopener\">\u00e0 deux, c\u2019est mieux pour investir en immobilier<\/a>.<\/p>\n<p>Dans <em>Les Affaires<\/em>, Daniel Germain se demande s\u2019il faut fixer le <a href=\"http:\/\/www.lesaffaires.com\/blogues\/daniel-germain\/hypotheque-variable--faut-il-songer-a-fixer-son-taux-\/605956\" target=\"_blank\" rel=\"noopener\">taux de son hypoth\u00e8que variable<\/a>, Joanie Fontaine estime que le <a href=\"http:\/\/www.lesaffaires.com\/blogues\/joanie-fontaine\/marche-immobilier-quebec-demeure-difficile-mais-ameliore\/605868\" target=\"_blank\" rel=\"noopener\">march\u00e9 immobilier \u00e0 Qu\u00e9bec demeure difficile, mais s\u2019am\u00e9liore<\/a> et Simon Lord se penche sur ce qu\u2019il faudrait <a href=\"http:\/\/www.lesaffaires.com\/secteurs-d-activite\/general\/que-faire-pour-renouveler-l-immobilier-residentiel-a-montreal\/605886\" target=\"_blank\" rel=\"noopener\">faire pour renouveler l\u2019immobilier r\u00e9sidentiel \u00e0 Montr\u00e9al<\/a>.<\/p>\n<p>Jean-Thomas L\u00e9veill\u00e9 de <em>La Presse<\/em> discute de <a href=\"https:\/\/www.lapresse.ca\/actualites\/regional\/201810\/25\/01-5201604-cri-du-coeur-dun-maire-pour-repenser-le-territoire.php\" target=\"_blank\" rel=\"noopener\">d\u00e9veloppement immobilier et d\u2019\u00e9talement urbain avec Alain Laplante, maire de Saint-Jean-sur-Richelieu <\/a><\/p>\n<p><em>La Vie Immo<\/em> pr\u00e9sente des <a href=\"https:\/\/www.lavieimmo.com\/immobilier-bordeaux-12988\/quand-des-logements-sont-chauffes-grace-a-des-ordinateurs-a-bordeaux-43762.html\" target=\"_blank\" rel=\"noopener\">logements chauff\u00e9s gr\u00e2ce \u00e0 des ordinateurs \u00e0 Bordeaux<\/a>, voit qu\u2019<a href=\"https:\/\/www.lavieimmo.com\/immobilier-paris-36806\/avec-le-brexit-l-arrivee-de-francais-de-l-etranger-et-d-europeens-s-accelere-a-paris-43806.html\" target=\"_blank\" rel=\"noopener\">avec le Brexit, l\u2019arriv\u00e9e de Fran\u00e7ais de l\u2019\u00e9tranger et d\u2019Europ\u00e9ens s\u2019acc\u00e9l\u00e8re \u00e0 Paris<\/a>, et r\u00e9v\u00e8le que c\u2019est au tour de <a href=\"https:\/\/www.lavieimmo.com\/immobilier-international\/vers-un-tour-de-vis-contre-les-locations-airbnb-en-irlande-43810.html\" target=\"_blank\" rel=\"noopener\">l\u2019Irlande de durcir sa r\u00e8glementation pour les locations type-Airbnb<\/a>.<\/p>\n<p><em>MySweetImmo <\/em>d\u00e9couvre qu\u2019en <a href=\"https:\/\/www.mysweetimmo.com\/2018\/10\/23\/en-immobilier-aussi-les-especes-qui-survivent-sont-celles-qui-sadaptent\/\" target=\"_blank\" rel=\"noopener\">immobilier aussi, les esp\u00e8ces qui survivent sont celles qui s\u2019adaptent<\/a>, que <a href=\"https:\/\/www.mysweetimmo.com\/2018\/10\/20\/les-investisseurs-etrangers-fortunes-raffolent-de-dubai\/\" target=\"_blank\" rel=\"noopener\">les investisseurs \u00e9trangers fortun\u00e9s raffolent de Duba\u00ef<\/a>, et rapporte que la sociologue Monique Eleb <a href=\"https:\/\/www.mysweetimmo.com\/2018\/10\/23\/construisons-des-logements-qui-respectent-nos-modes-de-vie\/\" target=\"_blank\" rel=\"noopener\">sugg\u00e8re de construire des logements qui respectent nos modes de vie<\/a>.<\/p>\n<p>Et pour terminer, l\u2019occasion de la semaine\u00a0: <a href=\"https:\/\/www.journaldemontreal.com\/2018\/10\/24\/cette-maison-dahuntsic-a-vendre-pour-moins-de-1-m-offre-un-coin-foyer-des-plus-inusites\" target=\"_blank\" rel=\"noopener\">cette maison d\u2019Ahuntsic offre un coin foyer des plus inusit\u00e9s<\/a>.<\/p>\n","protected":false},"excerpt":{"rendered":"<p>Les Saveurs de la semaine sont votre source hebdomadaire de nouvelles et de reportages sur l\u2019immobilier qui auraient pu vous \u00e9chapper.\u00a0Notre \u00e9quipe des Saveurs de la semaine s\u2019acharne \u00e0 parcourir le Web \u00e0 la recherche de reportages obscurs, bizarres, int\u00e9ressants et informatifs sur l\u2019immobilier ou des sujets connexes. Si vous d\u00e9sirez en contribuer un, veuillez &hellip; <a href=\"https:\/\/archive.cafe.crea.ca\/fr\/saveurs-de-la-semaine-le-26-octobre-2018\/\" class=\"more-link\">Continue reading <span class=\"screen-reader-text\">Saveurs de la semaine : le 26 octobre 2018<\/span><\/a><\/p>\n","protected":false},"author":74,"featured_media":26875,"comment_status":"open","ping_status":"open","sticky":false,"template":"","format":"standard","meta":{"footnotes":""},"categories":[2372],"tags":[],"coauthors":[],"class_list":["post-30511","post","type-post","status-publish","format-standard","has-post-thumbnail","hentry","category-divers"],"aioseo_notices":[],"_links":{"self":[{"href":"https:\/\/archive.cafe.crea.ca\/fr\/wp-json\/wp\/v2\/posts\/30511"}],"collection":[{"href":"https:\/\/archive.cafe.crea.ca\/fr\/wp-json\/wp\/v2\/posts"}],"about":[{"href":"https:\/\/archive.cafe.crea.ca\/fr\/wp-json\/wp\/v2\/types\/post"}],"author":[{"embeddable":true,"href":"https:\/\/archive.cafe.crea.ca\/fr\/wp-json\/wp\/v2\/users\/74"}],"replies":[{"embeddable":true,"href":"https:\/\/archive.cafe.crea.ca\/fr\/wp-json\/wp\/v2\/comments?post=30511"}],"version-history":[{"count":0,"href":"https:\/\/archive.cafe.crea.ca\/fr\/wp-json\/wp\/v2\/posts\/30511\/revisions"}],"wp:featuredmedia":[{"embeddable":true,"href":"https:\/\/archive.cafe.crea.ca\/fr\/wp-json\/wp\/v2\/media\/26875"}],"wp:attachment":[{"href":"https:\/\/archive.cafe.crea.ca\/fr\/wp-json\/wp\/v2\/media?parent=30511"}],"wp:term":[{"taxonomy":"category","embeddable":true,"href":"https:\/\/archive.cafe.crea.ca\/fr\/wp-json\/wp\/v2\/categories?post=30511"},{"taxonomy":"post_tag","embeddable":true,"href":"https:\/\/archive.cafe.crea.ca\/fr\/wp-json\/wp\/v2\/tags?post=30511"},{"taxonomy":"author","embeddable":true,"href":"https:\/\/archive.cafe.crea.ca\/fr\/wp-json\/wp\/v2\/coauthors?post=30511"}],"curies":[{"name":"wp","href":"https:\/\/api.w.org\/{rel}","templated":true}]}}