{"id":30505,"date":"2018-11-13T08:54:43","date_gmt":"2018-11-13T13:54:43","guid":{"rendered":"https:\/\/archive.cafe.crea.ca\/retour-sur-les-journees-du-cap-laccession-a-la-propriete-au-coeur-des-discussions-a-ottawa\/"},"modified":"2018-11-13T08:54:43","modified_gmt":"2018-11-13T13:54:43","slug":"retour-sur-les-journees-du-cap-laccession-a-la-propriete-au-coeur-des-discussions-a-ottawa","status":"publish","type":"post","link":"https:\/\/archive.cafe.crea.ca\/fr\/retour-sur-les-journees-du-cap-laccession-a-la-propriete-au-coeur-des-discussions-a-ottawa\/","title":{"rendered":"Retour sur les Journ\u00e9es du CAP : l\u2019accession \u00e0 la propri\u00e9t\u00e9 au c\u0153ur des discussions \u00e0 Ottawa"},"content":{"rendered":"<p>Le mois dernier, plus de 350\u00a0membres de la communaut\u00e9 immobili\u00e8re canadienne ont converg\u00e9 vers la r\u00e9gion de la capitale nationale pour discuter d\u2019accession \u00e0 la propri\u00e9t\u00e9 sur la Colline du Parlement.<\/p>\n<p>Il n\u2019y a pas meilleur moyen d\u2019attirer l\u2019attention d\u2019un d\u00e9put\u00e9 que de se pointer \u00e0 son bureau parlementaire. La possibilit\u00e9 de d\u00e9fendre sur la Colline des enjeux importants pour les propri\u00e9taires et acheteurs de maisons canadiens est ce qui fait des Journ\u00e9es du Comit\u00e9 d\u2019action politique (CAP) un \u00e9v\u00e9nement aussi capital.<\/p>\n<p>Les Journ\u00e9es du CAP de 2018 ont donn\u00e9 aux courtiers et agents membres l\u2019occasion de proposer deux nouvelles politiques\u00a0:<\/p>\n<ul>\n<li>hausse du Cr\u00e9dit d\u2019imp\u00f4t pour l\u2019achat d\u2019une premi\u00e8re habitation non remboursable de 750\u00a0$ \u00e0\u00a02\u00a0500\u00a0$ par maison admissible;<\/li>\n<li>prise en compte des diff\u00e9rences r\u00e9gionales dans la mise en \u0153uvre nationale de r\u00e9glementations g\u00e9n\u00e9ralisatrices qui affectent les futurs propri\u00e9taires.<\/li>\n<\/ul>\n<p>Les repr\u00e9sentants du CAP se sont rendus \u00e0 leurs rencontres arm\u00e9s d\u2019un <a href=\"http:\/\/abacusdata.ca\/housing-affordability-is-the-top-issue-for-millennials-who-are-looking-to-achieve-the-dream-of-homeownership\/\" target=\"_blank\" rel=\"noopener\">rapport publi\u00e9 par Abacus Data<\/a> montrant que l\u2019abordabilit\u00e9 du logement est l\u2019enjeu qui pr\u00e9occupe le plus la g\u00e9n\u00e9ration Y, qui constituera la proportion la plus importante de l\u2019\u00e9lectorat en 2019.<\/p>\n<p>Outre les rencontres avec plus de 180\u00a0d\u00e9put\u00e9s, les participants ont pu aguerrir leurs instincts politiques en prenant part \u00e0 plusieurs s\u00e9ances pr\u00e9sent\u00e9es par des influenceurs d\u2019Ottawa tout au long du congr\u00e8s de trois jours.<\/p>\n<p>L\u2019honorable Jean-Yves Duclos, ministre de la Famille, des Enfants et du D\u00e9veloppement social, s\u2019est entretenu avec Randall McCauley, vice-pr\u00e9sident directeur, R\u00e9putation, de l\u2019ACI; et l\u2019Honorable Andrew Scheer, chef de l\u2019Opposition officielle, a \u00e9chang\u00e9 avec Michael\u00a0Bourque, chef de la direction de l\u2019ACI. Par ailleurs, un panel de d\u00e9put\u00e9s compos\u00e9 du d\u00e9put\u00e9 lib\u00e9ral, Rodger Cuzner, de la d\u00e9put\u00e9e conservatrice, Karen\u00a0Vecchio, et du d\u00e9put\u00e9 n\u00e9o-d\u00e9mocrate, Guy\u00a0Caron, a \u00e9galement discut\u00e9 des coulisses de la Colline avec Hannah Thibedeau du r\u00e9seau CBC.<\/p>\n<p>Perrin Beatty, pr\u00e9sident et chef de la direction de la Chambre de commerce du Canada, a jet\u00e9 un \u00e9clairage sur les n\u00e9gociations de l\u2019Accord de libre-\u00e9change nord-am\u00e9ricain, tandis qu\u2019Ana Navarro, analyste \u00e0 CNN, s\u2019est \u00e9panch\u00e9e sur le contexte politique \u00e0 Washington. Les participants ont \u00e9galement eu droit \u00e0 une pause humoristique avec <em>The Debaters<\/em> de CBC Radio One. L\u2019animateur s\u2019en est donn\u00e9 \u00e0 c\u0153ur joie sur les prix immobiliers vertigineux et les jeunes adultes qui vivent toujours chez leurs parents.<\/p>\n<p>S\u2019il y a une chose que les politiciens comprennent parfaitement, c\u2019est l\u2019importance d\u2019une bonne photo. Les repr\u00e9sentants du CAP se sont pr\u00eat\u00e9s au jeu avec brio durant tout le congr\u00e8s. Servez-vous du mot-clic <a href=\"https:\/\/twitter.com\/hashtag\/CAP18ACI?src=hash\" target=\"_blank\" rel=\"noopener\">#CAP18ACI<\/a> pour en voir les faits saillants sur les m\u00e9dias sociaux.<\/p>\n<p>Merci \u00e0 toutes les chambres et associations qui ont fait le d\u00e9placement \u00e0 Ottawa lors des 33<sup>e<\/sup>\u00a0Journ\u00e9es du CAP. Que vous y ayez particip\u00e9 ou non, consultez nos <a href=\"https:\/\/www.realtorlink.ca\/content\/dam\/realtorlink\/crea\/Francais\/Cours_et_evenements\/Evenements_de_l_ACI\/Journees_du_CAP\/Recommendations%202018%20des%20courtiers%20et%20agents%20immobiliers.pdf\" target=\"_blank\" rel=\"noopener\">Recommandations<\/a>\u00a02018 des courtiers et agents immobiliers, et continuez de visiter le <a href=\"https:\/\/www.realtoractionnetwork.com\/fr\/?NEQS=xsPprxbuRKgReS1e1fcfKm%2FqXi4RZNlrJJCBC%2BHWuAiISGova7thBuoYbR6Iww6xTHhwB%2FIG3kxBe6W1BwssbAm6Sn5BVih7LThhdHb4eUg%3D\" target=\"_blank\" rel=\"noopener\">reseaudactionimmobilier.ca<\/a> pour obtenir les prochaines mises \u00e0 jour sur les affaires f\u00e9d\u00e9rales!<\/p>\n","protected":false},"excerpt":{"rendered":"<p>Le mois dernier, plus de 350\u00a0membres de la communaut\u00e9 immobili\u00e8re canadienne ont converg\u00e9 vers la r\u00e9gion de la capitale nationale pour discuter d\u2019accession \u00e0 la propri\u00e9t\u00e9 sur la Colline du Parlement. Il n\u2019y a pas meilleur moyen d\u2019attirer l\u2019attention d\u2019un d\u00e9put\u00e9 que de se pointer \u00e0 son bureau parlementaire. La possibilit\u00e9 de d\u00e9fendre sur la &hellip; <a href=\"https:\/\/archive.cafe.crea.ca\/fr\/retour-sur-les-journees-du-cap-laccession-a-la-propriete-au-coeur-des-discussions-a-ottawa\/\" class=\"more-link\">Continue reading <span class=\"screen-reader-text\">Retour sur les Journ\u00e9es du CAP : l\u2019accession \u00e0 la propri\u00e9t\u00e9 au c\u0153ur des discussions \u00e0 Ottawa<\/span><\/a><\/p>\n","protected":false},"author":118,"featured_media":26863,"comment_status":"open","ping_status":"open","sticky":false,"template":"","format":"standard","meta":{"footnotes":""},"categories":[2369],"tags":[],"coauthors":[],"class_list":["post-30505","post","type-post","status-publish","format-standard","has-post-thumbnail","hentry","category-defense-des-interets"],"aioseo_notices":[],"_links":{"self":[{"href":"https:\/\/archive.cafe.crea.ca\/fr\/wp-json\/wp\/v2\/posts\/30505"}],"collection":[{"href":"https:\/\/archive.cafe.crea.ca\/fr\/wp-json\/wp\/v2\/posts"}],"about":[{"href":"https:\/\/archive.cafe.crea.ca\/fr\/wp-json\/wp\/v2\/types\/post"}],"author":[{"embeddable":true,"href":"https:\/\/archive.cafe.crea.ca\/fr\/wp-json\/wp\/v2\/users\/118"}],"replies":[{"embeddable":true,"href":"https:\/\/archive.cafe.crea.ca\/fr\/wp-json\/wp\/v2\/comments?post=30505"}],"version-history":[{"count":0,"href":"https:\/\/archive.cafe.crea.ca\/fr\/wp-json\/wp\/v2\/posts\/30505\/revisions"}],"wp:featuredmedia":[{"embeddable":true,"href":"https:\/\/archive.cafe.crea.ca\/fr\/wp-json\/wp\/v2\/media\/26863"}],"wp:attachment":[{"href":"https:\/\/archive.cafe.crea.ca\/fr\/wp-json\/wp\/v2\/media?parent=30505"}],"wp:term":[{"taxonomy":"category","embeddable":true,"href":"https:\/\/archive.cafe.crea.ca\/fr\/wp-json\/wp\/v2\/categories?post=30505"},{"taxonomy":"post_tag","embeddable":true,"href":"https:\/\/archive.cafe.crea.ca\/fr\/wp-json\/wp\/v2\/tags?post=30505"},{"taxonomy":"author","embeddable":true,"href":"https:\/\/archive.cafe.crea.ca\/fr\/wp-json\/wp\/v2\/coauthors?post=30505"}],"curies":[{"name":"wp","href":"https:\/\/api.w.org\/{rel}","templated":true}]}}