{"id":30492,"date":"2019-01-04T13:30:10","date_gmt":"2019-01-04T18:30:10","guid":{"rendered":"https:\/\/archive.cafe.crea.ca\/saveurs-de-la-semaine-le-4-janvier-2019\/"},"modified":"2019-01-04T13:30:10","modified_gmt":"2019-01-04T18:30:10","slug":"saveurs-de-la-semaine-le-4-janvier-2019","status":"publish","type":"post","link":"https:\/\/archive.cafe.crea.ca\/fr\/saveurs-de-la-semaine-le-4-janvier-2019\/","title":{"rendered":"Saveurs de la semaine : le 4 janvier 2019"},"content":{"rendered":"<p><em>Les Saveurs de la semaine sont votre source hebdomadaire de nouvelles et de reportages sur l\u2019immobilier qui auraient pu vous \u00e9chapper.<\/em><em>\u00a0Notre \u00e9quipe des Saveurs de la semaine s\u2019acharne \u00e0 parcourir le Web \u00e0 la recherche de reportages obscurs, bizarres, int\u00e9ressants et informatifs sur l\u2019immobilier ou des sujets connexes. Si vous d\u00e9sirez en contribuer un, veuillez l\u2019afficher \u00e0 notre section r\u00e9serv\u00e9e aux commentaires ou gazouiller sur le reportage en utilisant le mot-clic\u00a0<strong>#Saveursdelasemaine<\/strong>. Faites-vous couler une bonne tasse de caf\u00e9 frais, savourez ces reportages\u2026 et faites-en peut-\u00eatre m\u00eame part \u00e0 vos amis et coll\u00e8gues. Bonne lecture!<\/em><\/p>\n<p><strong>Voici mes choix de la semaine\u00a0:<\/strong><\/p>\n<p>Les conseils de la semaine\u00a0: <a href=\"https:\/\/www.lapresse.ca\/affaires\/economie\/immobilier\/201812\/30\/01-5209543-limmobilier-prend-un-virage-technologique.php\" target=\"_blank\" rel=\"noopener\">l\u2019immobilier prend un virage technologique<\/a>; un <a href=\"https:\/\/www.lapresse.ca\/maison\/architecture\/201901\/02\/01-5209766-patrimoine-bati-un-ingenieur-tire-la-sonnette-dalarme.php\" target=\"_blank\" rel=\"noopener\">ing\u00e9nieur tire la sonnette d\u2019alarme pour le patrimoine b\u00e2ti<\/a>; on se lance <a href=\"https:\/\/www.lapresse.ca\/maison\/architecture\/201901\/02\/01-5209737-patrimoine-un-an-sur-les-traces-des-decarie.php\" target=\"_blank\" rel=\"noopener\">sur les traces des D\u00e9carie<\/a>; <a href=\"https:\/\/www.lapresse.ca\/maison\/immobilier\/201812\/24\/01-5209120-vieux-quartiers-jeunes-acheteurs.php?utm_categorieinterne=trafficdrivers&amp;utm_contenuinterne=cyberpresse_B13b_immobilier_320590_section_POS2\" target=\"_blank\" rel=\"noopener\">les jeunes acheteurs s&rsquo;int\u00e9ressent aux vieux quartiers<\/a>; un <a href=\"https:\/\/www.lesoleil.com\/maison\/retour-sur-2018-des-artisans-des-fleurs-des-maisons-coups-de-cur-4d33528b6e3b2b7c0fbc376972da1861\" target=\"_blank\" rel=\"noopener\">retour sur 2018<\/a>; <a href=\"https:\/\/www.ledevoir.com\/societe\/transports-urbanisme\/544250\/2018-pleins-feux-sur-la-mobilite-durable\" target=\"_blank\" rel=\"noopener\">la mobilit\u00e9 durable<\/a> et <a href=\"https:\/\/www.journaldemontreal.com\/2018\/12\/27\/les-risques-de-louer-avec-airbnb-sans-assurance\" target=\"_blank\" rel=\"noopener\">les risques de louer avec Airbnb sans assurance<\/a>.<\/p>\n<p><em>La Tribune<\/em> parle \u00e0 <a href=\"https:\/\/www.latribune.ca\/arts\/delaisser-le-monde-de-limmobilier-pour-devenir-comedienne-ef8e7b2a38180528d1faaaf579e9d460\" target=\"_blank\" rel=\"noopener\">Manon Ducharme qui d\u00e9laisse le monde de l\u2019immobilier pour devenir\u2026 com\u00e9dienne<\/a>.<\/p>\n<p><em>La Terre de chez nous<\/em> pr\u00e9sente <a href=\"https:\/\/www.laterre.ca\/utiliterre\/metier\/coeur-a-louvrage-courtier-immobilier-agricole\">un courtier immobilier agricole<\/a>.<\/p>\n<p><em>Capital.fr<\/em> discute de <a href=\"https:\/\/www.capital.fr\/immobilier\/immobilier-quand-les-nouvelles-technologies-vous-aident-a-trouver-le-logement-ideal-1321900\" target=\"_blank\" rel=\"noopener\">nouvelles technologies qui aident \u00e0 trouver le logement id\u00e9al<\/a>.<\/p>\n<p><em>Challenges.fr<\/em> se demande <a href=\"https:\/\/www.challenges.fr\/immobilier\/videos-immobilier\/pourquoi-laisser-l-agent-immobilier-gerer-seul-les-visites_633092\">pourquoi il est pr\u00e9f\u00e9rable de laisser l\u2019agent immobilier g\u00e9rer seul les visites<\/a>.<\/p>\n<p><em>La Vie Immo<\/em> dresse la liste de ces <a href=\"https:\/\/www.lavieimmo.com\/immobilier-paris-36806\/ces-villes-ou-airbnb-met-en-place-la-limitation-automatique-a-120-jours-par-an-44374.html\" target=\"_blank\" rel=\"noopener\">villes o\u00f9 Airbnb met en place une limitation automatique \u00e0 120\u00a0jours par an<\/a>.<\/p>\n<p><em>My Sweet Immo<\/em> nous propose d\u2019opter pour <a href=\"https:\/\/www.mysweetimmo.com\/2018\/12\/29\/le-velours-la-matiere-cocooning-de-lhiver\/\" target=\"_blank\" rel=\"noopener\">le velours, la mati\u00e8re cocooning de l\u2019hiver<\/a> et constate que <a href=\"https:\/\/www.mysweetimmo.com\/2019\/01\/03\/accession-a-la-propriete-entre-pessimisme-et-resilience-2\/\" target=\"_blank\" rel=\"noopener\">la confiance \u00e0 l\u2019accession \u00e0 la propri\u00e9t\u00e9 fran\u00e7aise se situe entre pessimisme et r\u00e9silience<\/a>.<\/p>\n<p>\u00c0 la semaine prochaine!<\/p>\n","protected":false},"excerpt":{"rendered":"<p>Les Saveurs de la semaine sont votre source hebdomadaire de nouvelles et de reportages sur l\u2019immobilier qui auraient pu vous \u00e9chapper.\u00a0Notre \u00e9quipe des Saveurs de la semaine s\u2019acharne \u00e0 parcourir le Web \u00e0 la recherche de reportages obscurs, bizarres, int\u00e9ressants et informatifs sur l\u2019immobilier ou des sujets connexes. Si vous d\u00e9sirez en contribuer un, veuillez &hellip; <a href=\"https:\/\/archive.cafe.crea.ca\/fr\/saveurs-de-la-semaine-le-4-janvier-2019\/\" class=\"more-link\">Continue reading <span class=\"screen-reader-text\">Saveurs de la semaine : le 4 janvier 2019<\/span><\/a><\/p>\n","protected":false},"author":74,"featured_media":26833,"comment_status":"open","ping_status":"open","sticky":false,"template":"","format":"standard","meta":{"footnotes":""},"categories":[2372],"tags":[],"coauthors":[],"class_list":["post-30492","post","type-post","status-publish","format-standard","has-post-thumbnail","hentry","category-divers"],"aioseo_notices":[],"_links":{"self":[{"href":"https:\/\/archive.cafe.crea.ca\/fr\/wp-json\/wp\/v2\/posts\/30492"}],"collection":[{"href":"https:\/\/archive.cafe.crea.ca\/fr\/wp-json\/wp\/v2\/posts"}],"about":[{"href":"https:\/\/archive.cafe.crea.ca\/fr\/wp-json\/wp\/v2\/types\/post"}],"author":[{"embeddable":true,"href":"https:\/\/archive.cafe.crea.ca\/fr\/wp-json\/wp\/v2\/users\/74"}],"replies":[{"embeddable":true,"href":"https:\/\/archive.cafe.crea.ca\/fr\/wp-json\/wp\/v2\/comments?post=30492"}],"version-history":[{"count":0,"href":"https:\/\/archive.cafe.crea.ca\/fr\/wp-json\/wp\/v2\/posts\/30492\/revisions"}],"wp:featuredmedia":[{"embeddable":true,"href":"https:\/\/archive.cafe.crea.ca\/fr\/wp-json\/wp\/v2\/media\/26833"}],"wp:attachment":[{"href":"https:\/\/archive.cafe.crea.ca\/fr\/wp-json\/wp\/v2\/media?parent=30492"}],"wp:term":[{"taxonomy":"category","embeddable":true,"href":"https:\/\/archive.cafe.crea.ca\/fr\/wp-json\/wp\/v2\/categories?post=30492"},{"taxonomy":"post_tag","embeddable":true,"href":"https:\/\/archive.cafe.crea.ca\/fr\/wp-json\/wp\/v2\/tags?post=30492"},{"taxonomy":"author","embeddable":true,"href":"https:\/\/archive.cafe.crea.ca\/fr\/wp-json\/wp\/v2\/coauthors?post=30492"}],"curies":[{"name":"wp","href":"https:\/\/api.w.org\/{rel}","templated":true}]}}