{"id":30485,"date":"2019-01-25T13:20:55","date_gmt":"2019-01-25T18:20:55","guid":{"rendered":"https:\/\/archive.cafe.crea.ca\/saveurs-de-la-semaine-le-25-janvier-2019\/"},"modified":"2019-01-25T13:20:55","modified_gmt":"2019-01-25T18:20:55","slug":"saveurs-de-la-semaine-le-25-janvier-2019","status":"publish","type":"post","link":"https:\/\/archive.cafe.crea.ca\/fr\/saveurs-de-la-semaine-le-25-janvier-2019\/","title":{"rendered":"Saveurs de la semaine : le 25 janvier 2019"},"content":{"rendered":"<p><em>Les Saveurs de la semaine sont votre source hebdomadaire de nouvelles et de reportages sur l\u2019immobilier qui auraient pu vous \u00e9chapper.<\/em><em>\u00a0Notre \u00e9quipe des Saveurs de la semaine s\u2019acharne \u00e0 parcourir le Web \u00e0 la recherche de reportages obscurs, bizarres, int\u00e9ressants et informatifs sur l\u2019immobilier ou des sujets connexes. Si vous d\u00e9sirez en contribuer un, veuillez l\u2019afficher \u00e0 notre section r\u00e9serv\u00e9e aux commentaires ou gazouiller sur le reportage en utilisant le mot-clic\u00a0<strong>#Saveursdelasemaine<\/strong>. Faites-vous couler une bonne tasse de caf\u00e9 frais, savourez ces reportages\u2026 et faites-en peut-\u00eatre m\u00eame part \u00e0 vos amis et coll\u00e8gues. Bonne lecture!<\/em><\/p>\n<p><strong>Voici mes choix de la semaine\u00a0:<\/strong><\/p>\n<p>Les conseils de la semaine\u00a0: <a href=\"https:\/\/www.lesoleil.com\/maison\/le-retour-de-la-maison-blanche-25bfc4abedc334a453c4f011f6d422b9\">le retour de la maison blanche<\/a>; le <a href=\"https:\/\/www.lapresse.ca\/maison\/decoration\/201901\/22\/01-5211980-impression-3d-design-maison.php\">design maison par impression 3D<\/a>; le <a href=\"https:\/\/www.lapresse.ca\/maison\/immobilier\/conseils\/201901\/21\/01-5211841-le-decontamineur-pour-un-espace-de-vie-sain.php\">d\u00e9contamineur pour un espace de vie sain<\/a>; <a href=\"https:\/\/www.journaldemontreal.com\/2019\/01\/22\/un-foyer-au-bois-un-investissement-a-planifier\">un foyer au bois, un investissement \u00e0 planifier<\/a>; le <a href=\"https:\/\/www.journaldemontreal.com\/2019\/01\/21\/quel-taux-hypothecaire-choisir-dans-le-contexte-economique\">taux hypoth\u00e9caire \u00e0 choisir dans ce contexte \u00e9conomique<\/a> et le retour du <a href=\"https:\/\/www.journaldemontreal.com\/2019\/01\/23\/cest-le-grand-retour-de-ce-sofa-gonflable-tout-droit-sortir-des-annees-90\">sofa gonflable des ann\u00e9es 1990 <\/a>.<\/p>\n<p><em>La Presse<\/em> discute de <a href=\"https:\/\/www.lapresse.ca\/maison\/architecture\/201901\/20\/01-5211718-les-gratte-ciels-en-bois-prennent-racine-au-canada.php\">gratte-ciel en bois<\/a>.<\/p>\n<p><em>Capital.fr<\/em> fait le tour <a href=\"https:\/\/www.capital.fr\/immobilier\/immobilier-quelle-envolee-des-prix-dans-les-capitales-de-chaque-region-1324603\">des pr\u00e9visions immobili\u00e8res des capitales r\u00e9gionales fran\u00e7aises<\/a>.<\/p>\n<p><em>Le Monde<\/em> constate qu\u2019il y a <a href=\"https:\/\/www.lemonde.fr\/argent\/article\/2019\/01\/23\/immobilier-plus-d-acheteurs-allemands-moins-de-britanniques_5413071_1657007.html\">plus d\u2019acheteurs allemands et moins de Britanniques<\/a> actifs sur le march\u00e9 fran\u00e7ais.<\/p>\n<p><em>Le Soir <\/em>de Belgique estime que <a href=\"https:\/\/www.lesoir.be\/202242\/article\/2019-01-24\/les-seniors-seront-le-futur-du-marche-immobilier\">les personnes \u00e2g\u00e9es composeront le march\u00e9 immobilier<\/a> de l\u2019avenir.<\/p>\n<p><em>My Sweet Immo<\/em> remarque que <a href=\"https:\/\/www.mysweetimmo.com\/2019\/01\/18\/effet-brexit-75-dannonces-immobilieres-consultees-depuis-langleterre\/\">le nombre d\u2019annonces immobili\u00e8res consult\u00e9es depuis l\u2019Angleterre a augment\u00e9 de 75\u00a0% en raison de l\u2019effet Brexit<\/a>; r\u00e9v\u00e8le que <a href=\"https:\/\/www.mysweetimmo.com\/2019\/01\/17\/1-vente-1-arbre-plante\/\">l\u2019agence immobili\u00e8re fran\u00e7aise Lafor\u00eat plantera un arbre pour chacune de ses ventes<\/a> et se penche sur <a href=\"https:\/\/www.mysweetimmo.com\/2019\/01\/22\/immobilier-a-la-montagne-choisir-du-neuf-ou-de-lancien\/\">l\u2019immobilier en montagne<\/a>.<\/p>\n<p><em>La Vie Immo<\/em> propose un reportage sur <a href=\"https:\/\/www.lavieimmo.com\/insolite\/loft-garage-ancienne-usine-et-vous-oseriez-vous-acheter-un-bien-atypique-44574.html\">les biens immobiliers atypiques<\/a>; et nous apprend qu\u2019un <a href=\"https:\/\/www.lavieimmo.com\/immobilier-paris-36806\/a-paris-un-mysterieux-hotel-particulier-s-est-vendu-52000-euros-du-metre-carre-44566.html\">h\u00f4tel parisien s\u2019est vendu \u00e0 52\u00a0000\u00a0\u20ac le m\u00e8tre carr\u00e9<\/a>, que <a href=\"https:\/\/www.lavieimmo.com\/insolite\/le-danemark-veut-installer-des-entreprises-sur-des-iles-artificielles-44398.html\">le Danemark veut installer des entreprises sur des \u00eeles artificielles dans le sud de Copenhague<\/a> et que <a href=\"https:\/\/www.lavieimmo.com\/immobilier-international\/pour-limiter-l-afflux-de-touristes-via-airbnb-tel-aviv-va-augmenter-la-taxe-fonciere-44564.html\">Tel-Aviv augmentera la taxe fonci\u00e8re pour limiter l\u2019afflux de touristes<\/a>.<\/p>\n<p>Et pour terminer, <a href=\"https:\/\/www.lapresse.ca\/maison\/immobilier\/maisons-de-luxe\/201901\/23\/01-5212155-un-appartement-new-yorkais-vendu-pour-238-millions-de-dollars.php\">un appartement new-yorkais vendu \u00e0 238\u00a0millions de dollars<\/a>.<\/p>\n<p>\u00c0 la semaine prochaine!<\/p>\n","protected":false},"excerpt":{"rendered":"<p>Les Saveurs de la semaine sont votre source hebdomadaire de nouvelles et de reportages sur l\u2019immobilier qui auraient pu vous \u00e9chapper.\u00a0Notre \u00e9quipe des Saveurs de la semaine s\u2019acharne \u00e0 parcourir le Web \u00e0 la recherche de reportages obscurs, bizarres, int\u00e9ressants et informatifs sur l\u2019immobilier ou des sujets connexes. Si vous d\u00e9sirez en contribuer un, veuillez &hellip; <a href=\"https:\/\/archive.cafe.crea.ca\/fr\/saveurs-de-la-semaine-le-25-janvier-2019\/\" class=\"more-link\">Continue reading <span class=\"screen-reader-text\">Saveurs de la semaine : le 25 janvier 2019<\/span><\/a><\/p>\n","protected":false},"author":74,"featured_media":26812,"comment_status":"open","ping_status":"open","sticky":false,"template":"","format":"standard","meta":{"footnotes":""},"categories":[2372],"tags":[],"coauthors":[],"class_list":["post-30485","post","type-post","status-publish","format-standard","has-post-thumbnail","hentry","category-divers"],"aioseo_notices":[],"_links":{"self":[{"href":"https:\/\/archive.cafe.crea.ca\/fr\/wp-json\/wp\/v2\/posts\/30485"}],"collection":[{"href":"https:\/\/archive.cafe.crea.ca\/fr\/wp-json\/wp\/v2\/posts"}],"about":[{"href":"https:\/\/archive.cafe.crea.ca\/fr\/wp-json\/wp\/v2\/types\/post"}],"author":[{"embeddable":true,"href":"https:\/\/archive.cafe.crea.ca\/fr\/wp-json\/wp\/v2\/users\/74"}],"replies":[{"embeddable":true,"href":"https:\/\/archive.cafe.crea.ca\/fr\/wp-json\/wp\/v2\/comments?post=30485"}],"version-history":[{"count":0,"href":"https:\/\/archive.cafe.crea.ca\/fr\/wp-json\/wp\/v2\/posts\/30485\/revisions"}],"wp:featuredmedia":[{"embeddable":true,"href":"https:\/\/archive.cafe.crea.ca\/fr\/wp-json\/wp\/v2\/media\/26812"}],"wp:attachment":[{"href":"https:\/\/archive.cafe.crea.ca\/fr\/wp-json\/wp\/v2\/media?parent=30485"}],"wp:term":[{"taxonomy":"category","embeddable":true,"href":"https:\/\/archive.cafe.crea.ca\/fr\/wp-json\/wp\/v2\/categories?post=30485"},{"taxonomy":"post_tag","embeddable":true,"href":"https:\/\/archive.cafe.crea.ca\/fr\/wp-json\/wp\/v2\/tags?post=30485"},{"taxonomy":"author","embeddable":true,"href":"https:\/\/archive.cafe.crea.ca\/fr\/wp-json\/wp\/v2\/coauthors?post=30485"}],"curies":[{"name":"wp","href":"https:\/\/api.w.org\/{rel}","templated":true}]}}